{"id":350739,"date":"2025-08-28T22:13:55","date_gmt":"2025-08-28T22:13:55","guid":{"rendered":"https:\/\/www.europesays.com\/fr\/350739\/"},"modified":"2025-08-28T22:13:55","modified_gmt":"2025-08-28T22:13:55","slug":"plus-accessible-et-ecologique-cette-ecole-fait-peau-neuve-avant-la-rentree-pres-de-nantes","status":"publish","type":"post","link":"https:\/\/www.europesays.com\/fr\/350739\/","title":{"rendered":"Plus accessible et \u00e9cologique, cette \u00e9cole fait peau neuve avant la rentr\u00e9e pr\u00e8s de Nantes"},"content":{"rendered":"<p>La rentr\u00e9e approche. La semaine prochaine, les \u00e9l\u00e8ves de l\u2019\u00e9cole maternelle Condorcet vont d\u00e9couvrir un \u00e9tablissement r\u00e9nov\u00e9 et agrandi.<\/p>\n<p>Une visite guid\u00e9e de l\u2019\u00e9cole maternelle Condorcet a eu lieu en d\u00e9but de semaine en pr\u00e9sence du maire Bertrand Affil\u00e9, certains de ses adjoints, le directeur S\u00e9bastien Clergeault ainsi que l\u2019\u00e9quipe d\u2019architectes.<\/p>\n<p><a href=\"https:\/\/nantes.maville.com\/actu\/actudet_-saint-herblain-aux-petits-soins-pour-ses-ecoles-_8-6659447_actu.Htm?utm_source=troove&amp;utm_medium=site\" target=\"_blank\" rel=\"noopener\">? \u00c0 LIRE AUSSI. Saint-Herblain aux petits soins &#8230;<\/a><\/p>\n<p>\u00a0<\/p>\n","protected":false},"excerpt":{"rendered":"La rentr\u00e9e approche. La semaine prochaine, les \u00e9l\u00e8ves de l\u2019\u00e9cole maternelle Condorcet vont d\u00e9couvrir un \u00e9tablissement r\u00e9nov\u00e9 et&hellip;\n","protected":false},"author":2,"featured_media":350740,"comment_status":"","ping_status":"","sticky":false,"template":"","format":"standard","meta":{"footnotes":""},"categories":[2818],"tags":[12506,1111,11,1122,15332,1777,674,21,1011,27,766,48729,12,2636,9854,3762,28313,25],"class_list":{"0":"post-350739","1":"post","2":"type-post","3":"status-publish","4":"format-standard","5":"has-post-thumbnail","7":"category-nantes","8":"tag-accessible","9":"tag-actu","10":"tag-actualites","11":"tag-ecole","12":"tag-ecologique","13":"tag-eu","14":"tag-europe","15":"tag-fait","16":"tag-fr","17":"tag-france","18":"tag-nantes","19":"tag-neuve","20":"tag-news","21":"tag-pays-de-la-loire","22":"tag-peau","23":"tag-pres","24":"tag-rentree","25":"tag-republique-francaise"},"share_on_mastodon":{"url":"https:\/\/pubeurope.com\/@fr\/115108699376411452","error":""},"_links":{"self":[{"href":"https:\/\/www.europesays.com\/fr\/wp-json\/wp\/v2\/posts\/350739","targetHints":{"allow":["GET"]}}],"collection":[{"href":"https:\/\/www.europesays.com\/fr\/wp-json\/wp\/v2\/posts"}],"about":[{"href":"https:\/\/www.europesays.com\/fr\/wp-json\/wp\/v2\/types\/post"}],"author":[{"embeddable":true,"href":"https:\/\/www.europesays.com\/fr\/wp-json\/wp\/v2\/users\/2"}],"replies":[{"embeddable":true,"href":"https:\/\/www.europesays.com\/fr\/wp-json\/wp\/v2\/comments?post=350739"}],"version-history":[{"count":0,"href":"https:\/\/www.europesays.com\/fr\/wp-json\/wp\/v2\/posts\/350739\/revisions"}],"wp:featuredmedia":[{"embeddable":true,"href":"https:\/\/www.europesays.com\/fr\/wp-json\/wp\/v2\/media\/350740"}],"wp:attachment":[{"href":"https:\/\/www.europesays.com\/fr\/wp-json\/wp\/v2\/media?parent=350739"}],"wp:term":[{"taxonomy":"category","embeddable":true,"href":"https:\/\/www.europesays.com\/fr\/wp-json\/wp\/v2\/categories?post=350739"},{"taxonomy":"post_tag","embeddable":true,"href":"https:\/\/www.europesays.com\/fr\/wp-json\/wp\/v2\/tags?post=350739"}],"curies":[{"name":"wp","href":"https:\/\/api.w.org\/{rel}","templated":true}]}}