{"id":35075,"date":"2025-04-18T22:56:12","date_gmt":"2025-04-18T22:56:12","guid":{"rendered":"https:\/\/www.europesays.com\/fr\/35075\/"},"modified":"2025-04-18T22:56:12","modified_gmt":"2025-04-18T22:56:12","slug":"qualifie-pour-les-demi-finales-arthur-fils-aura-le-droit-a-une-revanche-face-a-carlos-alcaraz-a-barcelone","status":"publish","type":"post","link":"https:\/\/www.europesays.com\/fr\/35075\/","title":{"rendered":"qualifi\u00e9 pour les demi-finales, Arthur Fils aura le droit \u00e0 une revanche face \u00e0 Carlos Alcaraz \u00e0 Barcelone"},"content":{"rendered":"<p>Le Fran\u00e7ais a profit\u00e9 de l\u2019abandon de Stefanos Tsitsipas en quarts de finale tandis que l\u2019Espagnol a domin\u00e9 Alex de Minaur.<\/p>\n<p class=\"fig-paragraph\">Enfin une demi-finale pour Arthur Fils. Le Fran\u00e7ais, profitant de l&rsquo;abandon de Stefanos Tsitsipas vendredi, a pris de nouveau rendez-vous avec Carlos Alcaraz, qu&rsquo;il retrouvera samedi en demi-finale du tournoi de Barcelone huit jours apr\u00e8s<a href=\"http:\/\/www.lefigaro.fr\/sports\/tennis\/tennis-carlos-alcaraz-encore-un-poil-trop-fort-pour-arthur-fils-20250411\" data-fig-type=\"NewsFlash\" data-gtm-custom-categorie=\"navigation\" data-gtm-custom-action=\"crossclick\" data-gtm-custom-label=\"Contextuel\" data-gtm-event=\"customEventSPE\" data-fig-domain=\"LEFIGARO\" target=\"_blank\" rel=\"noopener\">\u00a0la victoire de l&rsquo;Espagnol en quart au Masters 1000 de Monte-Carlo<\/a>. Le num\u00e9ro 1 fran\u00e7ais avait accroch\u00e9 Alcaraz sur la terre battue mon\u00e9gasque, remportant la premi\u00e8re manche 6-4, mais avait fini par c\u00e9der dans les deux suivantes (7-5, 6-3). \u00abJe savais qu&rsquo;il avait un tr\u00e8s bon niveau, mais j&rsquo;ai \u00e9t\u00e9 stup\u00e9fait par la force, le physique, le niveau qu&rsquo;Arthur peut atteindre\u00bb, confiait le num\u00e9ro 2 mondial \u00e0 son arriv\u00e9e \u00e0 Barcelone.<\/p>\n<p class=\"fig-paragraph\">Pour leur seconde confrontation seulement, Fils aura l&rsquo;avantage de la fra\u00eecheur puisqu&rsquo;il n&rsquo;a pass\u00e9 que 17 minutes sur le court vendredi face \u00e0 Tsitsipas. Le Fran\u00e7ais, 14e joueur mondial, avait tr\u00e8s bien d\u00e9but\u00e9 son match en breakant d&rsquo;entr\u00e9e le finaliste en 2024 avant de remporter sa mise en jeu. Mais apr\u00e8s seulement six minutes de jeu, le Grec est sorti du court pour se faire soigner avant de revenir et d&rsquo;essayer de jouer le troisi\u00e8me jeu sur son service, sans aller au bout. La raison de son abandon n&rsquo;est pas encore connue. \u00abJ&rsquo;\u00e9tais pr\u00eat \u00e0 me battre plusieurs heures\u00bb, a d\u00e9clar\u00e9 Fils sur le court barcelonais. \u00abJe ne sais pas ce qu&rsquo;il a, mais je lui souhaite le meilleur\u00bb.<\/p>\n<p>Alcaraz bouscul\u00e9 mais vainqueur<\/p>\n<p class=\"fig-paragraph\">Programm\u00e9 juste avant lui sur la Pista Rafa Nadal, le num\u00e9ro 2 mondial espagnol a lui d\u00fb s&#8217;employer pour se d\u00e9barrasser de l&rsquo;Australien Alex De Minaur (7e) 7-5, 6-3 en 1h39.\u00a0<a href=\"http:\/\/www.lefigaro.fr\/sports\/tennis\/tennis-debut-de-saison-poussif-mais-premiere-victoire-a-monte-carlo-carlos-alcaraz-face-aux-grandes-attentes-sur-terre-battue-20250414\" data-fig-type=\"NewsFlash\" data-gtm-custom-categorie=\"navigation\" data-gtm-custom-action=\"crossclick\" data-gtm-custom-label=\"Contextuel\" data-gtm-event=\"customEventSPE\" data-fig-domain=\"LEFIGARO\" target=\"_blank\" rel=\"noopener\">Aur\u00e9ol\u00e9 de son titre \u00e0 Monte-Carlo<\/a>, Alcaraz en est d\u00e9sormais \u00e0 huit victoires en autant de matches sur terre battue en ce d\u00e9but de saison sur ocre qui se terminera \u00e0 Roland-Garros (25 mai &#8211; 8 juin). \u00abJe suis tr\u00e8s content d&rsquo;avoir encore battu un joueur du Top 10\u00bb, s&rsquo;est f\u00e9licit\u00e9 Alcaraz, qui a remport\u00e9 deux fois\u00a0<a href=\"http:\/\/www.lefigaro.fr\/sports\/tennis\/tennis-khachanov-et-rune-s-affronteront-en-demi-finales-a-barcelone-20250418\" data-fig-type=\"NewsFlash\" data-gtm-custom-categorie=\"navigation\" data-gtm-custom-action=\"crossclick\" data-gtm-custom-label=\"Contextuel\" data-gtm-event=\"customEventSPE\" data-fig-domain=\"LEFIGARO\" target=\"_blank\" rel=\"noopener\">le tournoi barcelonais<\/a>, en 2022 et 2023.<\/p>\n<p class=\"fig-paragraph\">\u00abJ&rsquo;ai mal commenc\u00e9 le match sur mon service. J&rsquo;\u00e9tais tr\u00e8s m\u00e9content de ma premi\u00e8re balle. Heureusement, mon service s&rsquo;est bien am\u00e9lior\u00e9, je me suis calm\u00e9 et j&rsquo;ai recommenc\u00e9 \u00e0 penser positif\u00bb, a-t-il indiqu\u00e9. \u00abJe suis content d&rsquo;avoir fini par remporter le premier set et ensuite, j&rsquo;ai tr\u00e8s bien jou\u00e9\u00bb, a ajout\u00e9 Alcaraz.<\/p>\n<p class=\"fig-paragraph\">De Minaur, demi-finaliste en principaut\u00e9, lui a en effet oppos\u00e9 une farouche r\u00e9sistance pendant un set et demi. C&rsquo;est m\u00eame l&rsquo;Australien qui, le premier, a pris l&rsquo;avantage dans le match en menant 3-1 dans la premi\u00e8re manche. Alcaraz est revenu \u00e0 3-3 et, apr\u00e8s un \u00e9change de jeux de service, les deux hommes sont parvenus \u00e0 4-4. L&rsquo;Espagnol a r\u00e9ussi le break d\u00e9cisif dans le dernier jeu du set. \u00c0 3-2 dans le second set, Alcaraz a de nouveau pris le service de son adversaire et, cette fois, il a conclu la rencontre en parfait contr\u00f4le, s\u00fbr de son jeu.<\/p>\n","protected":false},"excerpt":{"rendered":"Le Fran\u00e7ais a profit\u00e9 de l\u2019abandon de Stefanos Tsitsipas en quarts de finale tandis que l\u2019Espagnol a domin\u00e9&hellip;\n","protected":false},"author":2,"featured_media":35076,"comment_status":"","ping_status":"","sticky":false,"template":"","format":"standard","meta":{"footnotes":""},"categories":[1415],"tags":[47,3768,4169,4791,525,7779,1981,4178,4179,1011,27,1114,3996,4177,4176,4174,4175,1980,4171,60,1467,4172,4173,4170],"class_list":{"0":"post-35075","1":"post","2":"type-post","3":"status-publish","4":"format-standard","5":"has-post-thumbnail","7":"category-tennis","8":"tag-actualite","9":"tag-arthur-fils","10":"tag-atp","11":"tag-barcelone","12":"tag-calendrier","13":"tag-carlos-alcaraz","14":"tag-classement","15":"tag-coupe-davis","16":"tag-fed-cup","17":"tag-fr","18":"tag-france","19":"tag-infos","20":"tag-jeux-olympiques","21":"tag-masters-1000","22":"tag-masters-500","23":"tag-masters-series","24":"tag-open-daustralie","25":"tag-resultats","26":"tag-roland-garros","27":"tag-sports","28":"tag-tennis","29":"tag-us-open","30":"tag-wimbledon","31":"tag-wta"},"share_on_mastodon":{"url":"https:\/\/pubeurope.com\/@fr\/114361439528284580","error":""},"_links":{"self":[{"href":"https:\/\/www.europesays.com\/fr\/wp-json\/wp\/v2\/posts\/35075","targetHints":{"allow":["GET"]}}],"collection":[{"href":"https:\/\/www.europesays.com\/fr\/wp-json\/wp\/v2\/posts"}],"about":[{"href":"https:\/\/www.europesays.com\/fr\/wp-json\/wp\/v2\/types\/post"}],"author":[{"embeddable":true,"href":"https:\/\/www.europesays.com\/fr\/wp-json\/wp\/v2\/users\/2"}],"replies":[{"embeddable":true,"href":"https:\/\/www.europesays.com\/fr\/wp-json\/wp\/v2\/comments?post=35075"}],"version-history":[{"count":0,"href":"https:\/\/www.europesays.com\/fr\/wp-json\/wp\/v2\/posts\/35075\/revisions"}],"wp:featuredmedia":[{"embeddable":true,"href":"https:\/\/www.europesays.com\/fr\/wp-json\/wp\/v2\/media\/35076"}],"wp:attachment":[{"href":"https:\/\/www.europesays.com\/fr\/wp-json\/wp\/v2\/media?parent=35075"}],"wp:term":[{"taxonomy":"category","embeddable":true,"href":"https:\/\/www.europesays.com\/fr\/wp-json\/wp\/v2\/categories?post=35075"},{"taxonomy":"post_tag","embeddable":true,"href":"https:\/\/www.europesays.com\/fr\/wp-json\/wp\/v2\/tags?post=35075"}],"curies":[{"name":"wp","href":"https:\/\/api.w.org\/{rel}","templated":true}]}}