{"id":350750,"date":"2025-08-28T22:21:10","date_gmt":"2025-08-28T22:21:10","guid":{"rendered":"https:\/\/www.europesays.com\/fr\/350750\/"},"modified":"2025-08-28T22:21:10","modified_gmt":"2025-08-28T22:21:10","slug":"c3-les-chapeaux-sont-connus-ol-lille-nice-football","status":"publish","type":"post","link":"https:\/\/www.europesays.com\/fr\/350750\/","title":{"rendered":"C3 : les chapeaux sont connus (OL, Lille, Nice) &#8211; Football"},"content":{"rendered":"<p class=\"par1\">\u00c0 l&rsquo;issue des barrages retour disput\u00e9s ce jeudi, on conna\u00eet l&rsquo;ensemble des 36 \u00e9quipes qualifi\u00e9es pour la phase finale de la Ligue Europa. R\u00e9partis en quatre chapeaux en fonction de leur coefficient UEFA, tous les participants conna\u00eetront leurs futurs adversaires vendredi, apr\u00e8s le tirage au sort qui d\u00e9butera \u00e0 13h.<\/p>\n<p class=\"par1\">Chaque \u00e9quipe affrontera deux adversaires de chacun des quatre chapeaux. Cependant, deux clubs d&rsquo;un m\u00eame championnat ne peuvent s&rsquo;affronter, et une \u00e9quipe ne pourra pas h\u00e9riter de plus de deux adversaires d&rsquo;un m\u00eame pays. Concernant les clubs fran\u00e7ais, Lille figure dans le chapeau 1, Lyon dans le 2 et Nice dans le 3.<\/p>\n<p class=\"par1\"><b>Les chapeaux pour le tirage au sort de la Ligue Europa :<\/b><\/p>\n<p class=\"par1\"><b>Chapeau 1 :<\/b> Roma, Porto, Rangers, Feyenoord, <b>LILLE<\/b>, Dinamo Zagreb, Betis, Salzbourg, Aston Villa.<\/p>\n<p class=\"par1\"><b>Chapeau 2 :<\/b> Fenerbah\u00e7e, Braga, Etoile Rouge, <b>OLYMPIQUE LYONNAIS<\/b>, PAOK, Viktoria Plzen, Ferencvaros, Celtic, Maccabi Tel-Aviv.<\/p>\n<p class=\"par1\"><b>Chapeau 3 :<\/b> Young Boys, B\u00e2le, Midtjylland, Fribourg, Ludogorets Razgrad, Nottingham Forest, Sturm Graz, FCSB, <b>NICE<\/b>.<\/p>\n<p><b>Chapeau 4 :<\/b> Bologne, Celta Vigo, Stuttgart, Panathina\u00efkos, Malm\u00f6, Go Ahead Eagles, Utrecht, Genk, Brann.<b>Lu 2.775 fois<\/b> &#8211;  Cl\u00e9ment Barbier &#8211; 28\/08\/25 \u00e0 23h40 <a target=\"_blank\" rel=\"nofollow noopener\" class=\"impr\" href=\"https:\/\/news.maxifoot.fr\/439790\/imprime.php\" title=\"Imprimer cette breve\">\u00a0<\/a><br class=\"aut1\"\/><\/p>\n","protected":false},"excerpt":{"rendered":"\u00c0 l&rsquo;issue des barrages retour disput\u00e9s ce jeudi, on conna\u00eet l&rsquo;ensemble des 36 \u00e9quipes qualifi\u00e9es pour la phase&hellip;\n","protected":false},"author":2,"featured_media":350751,"comment_status":"","ping_status":"","sticky":false,"template":"","format":"standard","meta":{"footnotes":""},"categories":[2815],"tags":[1111,11,1777,674,1011,27,811,1307,12,25],"class_list":{"0":"post-350750","1":"post","2":"type-post","3":"status-publish","4":"format-standard","5":"has-post-thumbnail","7":"category-lille","8":"tag-actu","9":"tag-actualites","10":"tag-eu","11":"tag-europe","12":"tag-fr","13":"tag-france","14":"tag-hauts-de-france","15":"tag-lille","16":"tag-news","17":"tag-republique-francaise"},"share_on_mastodon":{"url":"https:\/\/pubeurope.com\/@fr\/115108726985484657","error":""},"_links":{"self":[{"href":"https:\/\/www.europesays.com\/fr\/wp-json\/wp\/v2\/posts\/350750","targetHints":{"allow":["GET"]}}],"collection":[{"href":"https:\/\/www.europesays.com\/fr\/wp-json\/wp\/v2\/posts"}],"about":[{"href":"https:\/\/www.europesays.com\/fr\/wp-json\/wp\/v2\/types\/post"}],"author":[{"embeddable":true,"href":"https:\/\/www.europesays.com\/fr\/wp-json\/wp\/v2\/users\/2"}],"replies":[{"embeddable":true,"href":"https:\/\/www.europesays.com\/fr\/wp-json\/wp\/v2\/comments?post=350750"}],"version-history":[{"count":0,"href":"https:\/\/www.europesays.com\/fr\/wp-json\/wp\/v2\/posts\/350750\/revisions"}],"wp:featuredmedia":[{"embeddable":true,"href":"https:\/\/www.europesays.com\/fr\/wp-json\/wp\/v2\/media\/350751"}],"wp:attachment":[{"href":"https:\/\/www.europesays.com\/fr\/wp-json\/wp\/v2\/media?parent=350750"}],"wp:term":[{"taxonomy":"category","embeddable":true,"href":"https:\/\/www.europesays.com\/fr\/wp-json\/wp\/v2\/categories?post=350750"},{"taxonomy":"post_tag","embeddable":true,"href":"https:\/\/www.europesays.com\/fr\/wp-json\/wp\/v2\/tags?post=350750"}],"curies":[{"name":"wp","href":"https:\/\/api.w.org\/{rel}","templated":true}]}}