{"id":350755,"date":"2025-08-28T22:28:07","date_gmt":"2025-08-28T22:28:07","guid":{"rendered":"https:\/\/www.europesays.com\/fr\/350755\/"},"modified":"2025-08-28T22:28:07","modified_gmt":"2025-08-28T22:28:07","slug":"crs-detonations-la-prefete-rassure","status":"publish","type":"post","link":"https:\/\/www.europesays.com\/fr\/350755\/","title":{"rendered":"CRS, d\u00e9tonations, la pr\u00e9f\u00e8te rassure"},"content":{"rendered":"<p>            Par<br \/>\n        <strong><br \/>\n            <a href=\"https:\/\/actu.fr\/auteur\/anthony-soudani\" title=\"Consulter tous les articles de Anthony Soudani\" target=\"_blank\" rel=\"noopener\">Anthony Soudani<\/a><br \/>\n        <\/strong><\/p>\n<p>        Publi\u00e9 le<\/p>\n<p>            28 ao\u00fbt 2025 \u00e0 22h27<br \/>\n        ; mis \u00e0 jour le 28 ao\u00fbt 2025 \u00e0 22h38    <\/p>\n<p>Sc\u00e8ne de panique au centre commercial Part-Dieu, \u00e0 <a href=\"https:\/\/actu.fr\/auvergne-rhone-alpes\/lyon_69123\/sncf-a-lyon-le-trafic-tres-impacte-par-des-actes-de-vandalisme-de-gros-retards-de-trains_63087093.html\" target=\"_blank\" rel=\"noopener\">Lyon<\/a>. Des d\u00e9tonations ont provoqu\u00e9 la fuite des clients, croyant \u00e0 des coups de feu.\u00a0<\/p>\n<p class=\" wall-content\">Sur les r\u00e9seaux sociaux, des utilisateurs ont d\u2019ailleurs relay\u00e9 l\u2019information comme quoi des tirs d\u2019arme \u00e0 feu on \u00e9t\u00e9 entendus.\u00a0<\/p>\n<p>Des p\u00e9tards ou des mortiers<\/p>\n<p class=\" wall-content\">La pr\u00e9f\u00e8te du Rh\u00f4ne, Fabienne Buccio, a imm\u00e9diatement r\u00e9agi sur X pour calmer la psychose.<\/p>\n<p class=\" wall-content\">\u00ab Des comptes signalent des d\u00e9tonations au centre commercial de la Part-Dieu. Les effectifs de la police nationale et les CRS pr\u00e9sents sur place ont rapidement effectu\u00e9 une lev\u00e9e de doute. Il s\u2019agit de p\u00e9tards ou de mortiers. \u00bb<\/p>\n<p class=\" wall-content\">Un agent de s\u00e9curit\u00e9 aurait \u00e9t\u00e9 vis\u00e9 et touch\u00e9 par ces tirs de mortiers.<\/p>\n<p>Un individu interpell\u00e9<\/p>\n<p class=\" wall-content\">La pr\u00e9f\u00e8te indique qu\u2019un individu a \u00e9t\u00e9 interpell\u00e9.<\/p>\n<p class=\" wall-content\">Les forces de l\u2019ordre ont ensuite effectu\u00e9 des patrouilles pour rassurer les usagers et les commer\u00e7ants.<\/p>\n<p>Votre r\u00e9gion, votre actu !<\/p>\n<p>Recevez chaque jour les infos qui comptent pour vous.<\/p>\n<p>\t<a href=\"https:\/\/actu.fr\/newsletter\" class=\"ac-btn ac-btn--corner ac-btn--medium ac-btn--blue800\" target=\"_blank\" rel=\"noopener\">S&rsquo;incrire<\/a><\/p>\n<p class=\" wall-content\">\u00a0\u00ab Ne diffusez pas de fausses informations \u00bb, lance Fabienne Buccio.<\/p>\n<p class=\" wall-content\">Personnalisez votre actualit\u00e9 en ajoutant vos villes et m\u00e9dias en favori avec <a href=\"https:\/\/moncompte.actu.fr\" title=\"D\u00e9couvez Mon Actu\" rel=\"nofollow noopener\" data-trk=\"{&quot;cta&quot;:{&quot;action&quot;:&quot;https:\\\/\\\/moncompte.actu.fr&quot;,&quot;category&quot;:&quot;mon compte&quot;,&quot;from&quot;:&quot;article footer&quot;,&quot;name&quot;:&quot;Mon actu&quot;,&quot;type&quot;:&quot;cta&quot;}}\" target=\"_blank\">Mon Actu<\/a>.<\/p>\n","protected":false},"excerpt":{"rendered":"Par Anthony Soudani Publi\u00e9 le 28 ao\u00fbt 2025 \u00e0 22h27 ; mis \u00e0 jour le 28 ao\u00fbt 2025&hellip;\n","protected":false},"author":2,"featured_media":288053,"comment_status":"","ping_status":"","sticky":false,"template":"","format":"standard","meta":{"footnotes":""},"categories":[1889],"tags":[1111,11,2430,1777,674,118,1011,27,2428,6178,12,9450,25],"class_list":{"0":"post-350755","1":"post","2":"type-post","3":"status-publish","4":"format-standard","5":"has-post-thumbnail","7":"category-lyon","8":"tag-actu","9":"tag-actualites","10":"tag-auvergne-rhone-alpes","11":"tag-eu","12":"tag-europe","13":"tag-faits-divers","14":"tag-fr","15":"tag-france","16":"tag-lyon","17":"tag-lyon-part-dieu","18":"tag-news","19":"tag-prefecture-du-rhone","20":"tag-republique-francaise"},"share_on_mastodon":{"url":"","error":""},"_links":{"self":[{"href":"https:\/\/www.europesays.com\/fr\/wp-json\/wp\/v2\/posts\/350755","targetHints":{"allow":["GET"]}}],"collection":[{"href":"https:\/\/www.europesays.com\/fr\/wp-json\/wp\/v2\/posts"}],"about":[{"href":"https:\/\/www.europesays.com\/fr\/wp-json\/wp\/v2\/types\/post"}],"author":[{"embeddable":true,"href":"https:\/\/www.europesays.com\/fr\/wp-json\/wp\/v2\/users\/2"}],"replies":[{"embeddable":true,"href":"https:\/\/www.europesays.com\/fr\/wp-json\/wp\/v2\/comments?post=350755"}],"version-history":[{"count":0,"href":"https:\/\/www.europesays.com\/fr\/wp-json\/wp\/v2\/posts\/350755\/revisions"}],"wp:featuredmedia":[{"embeddable":true,"href":"https:\/\/www.europesays.com\/fr\/wp-json\/wp\/v2\/media\/288053"}],"wp:attachment":[{"href":"https:\/\/www.europesays.com\/fr\/wp-json\/wp\/v2\/media?parent=350755"}],"wp:term":[{"taxonomy":"category","embeddable":true,"href":"https:\/\/www.europesays.com\/fr\/wp-json\/wp\/v2\/categories?post=350755"},{"taxonomy":"post_tag","embeddable":true,"href":"https:\/\/www.europesays.com\/fr\/wp-json\/wp\/v2\/tags?post=350755"}],"curies":[{"name":"wp","href":"https:\/\/api.w.org\/{rel}","templated":true}]}}