{"id":350759,"date":"2025-08-28T22:30:11","date_gmt":"2025-08-28T22:30:11","guid":{"rendered":"https:\/\/www.europesays.com\/fr\/350759\/"},"modified":"2025-08-28T22:30:11","modified_gmt":"2025-08-28T22:30:11","slug":"la-region-ile-de-france-generalise-les-casiers-pour-laisser-les-portables-en-dehors-des-classes","status":"publish","type":"post","link":"https:\/\/www.europesays.com\/fr\/350759\/","title":{"rendered":"La r\u00e9gion \u00cele-de-France g\u00e9n\u00e9ralise les casiers pour laisser les portables en dehors des classes"},"content":{"rendered":"<p class=\"paragraph text_align_left lp-f-body-02\">Si depuis 2018, la loi <a href=\"https:\/\/www.leparisien.fr\/societe\/le-soir-on-rattrape-ce-que-pensent-les-collegiens-de-la-pause-numerique-03-02-2025-TCHZNYOEGZESZCDQ46BC3UJYDQ.php\" target=\"_blank\" rel=\"noreferrer nofollow noopener\">interdit l\u2019usage du t\u00e9l\u00e9phone portable au coll\u00e8ge<\/a>, son utilisation au lyc\u00e9e est g\u00e9n\u00e9ralement permise dans les b\u00e2timents et dans la cour de r\u00e9cr\u00e9ation, mais pas dans les salles de classe.<\/p>\n<p class=\"paragraph text_align_left lp-f-body-02\">C\u2019est ce qu\u2019a voulu rappeler la r\u00e9gion \u00cele-de-France en lan\u00e7ant il y a un an <a href=\"https:\/\/www.leparisien.fr\/societe\/que-les-eleves-se-reconnectent-aux-autres-et-au-savoir-plongee-dans-ces-lycees-sans-portable-17-06-2025-MTQCII6FDVBTZCDDF2O3JQ6UHQ.php\" target=\"_self\" rel=\"nofollow noopener\">le dispositif Z\u00e9ro portable en cours<\/a> dans une centaine de lyc\u00e9es volontaires. 1 000 classes ont ainsi \u00e9t\u00e9 \u00e9quip\u00e9es de bo\u00eetes (ou casiers) \u00e0 t\u00e9l\u00e9phones, financ\u00e9es 5 000 euros l\u2019unit\u00e9 par le conseil r\u00e9gional.<\/p>\n<p class=\"paragraph text_align_left lp-f-body-02\">\u00c0 l\u2019occasion de cette rentr\u00e9e scolaire, la collectivit\u00e9 pr\u00e9sid\u00e9e par <a href=\"https:\/\/www.leparisien.fr\/politique\/valerie-pecresse\/\" rel=\"nofollow noopener\" target=\"_blank\">Val\u00e9rie P\u00e9cresse<\/a> (LR) va plus loin, avec la g\u00e9n\u00e9ralisation du dispositif aux 470 \u00e9tablissements publics. Il s\u2019agit d\u2019un enjeu de sant\u00e9 publique majeur pour l\u2019int\u00e9ress\u00e9e.<\/p>\n<p class=\"paragraph text_align_left lp-f-body-02\">La mesure intervient au lendemain de l\u2019annonce par <a href=\"https:\/\/www.leparisien.fr\/societe\/elisabeth-borne-aujourdhui-ma-seule-et-unique-boussole-cest-la-rentree-scolaire-26-08-2025-OUJTP3PFBNH5XCPXYMSMNQ4BTM.php\" target=\"_self\" rel=\"nofollow noopener\">la ministre de l\u2019\u00c9ducation nationale, \u00c9lisabeth Borne<\/a>, de la g\u00e9n\u00e9ralisation de la \u00ab pause num\u00e9rique \u00bb (interdiction totale de l\u2019utilisation des t\u00e9l\u00e9phones portables au coll\u00e8ge), en lien avec les collectivit\u00e9s.<\/p>\n<p>\u00ab 70 % des lyc\u00e9ens font leurs devoirs portables allum\u00e9s \u00bb<\/p>\n<p class=\"paragraph text_align_left lp-f-body-02\">\u00ab Ce dispositif m\u2019a \u00e9t\u00e9 demand\u00e9 par certains lyc\u00e9es, confie ce jeudi Val\u00e9rie P\u00e9cresse. Les \u00e9quipes p\u00e9dagogiques ont consid\u00e9r\u00e9 que les portables \u00e9taient vraiment tr\u00e8s perturbateurs. On a des jeunes qui <a href=\"https:\/\/www.leparisien.fr\/societe\/famille\/certains-en-oublient-de-dormir-jeux-video-sms-reseaux-sociaux-les-jeunes-accros-aux-ecrans-la-nuit-13-06-2024-L4YTLYFHMFBKBKPFXYJYBKX64U.php\" target=\"_blank\" rel=\"noreferrer nofollow noopener\">ne peuvent plus se passer de leur t\u00e9l\u00e9phone<\/a>, ce qui les d\u00e9concentre et peut les amener \u00e0 des cas de captations non autoris\u00e9es d\u2019\u00e9l\u00e8ves ou d\u2019enseignants. 70 % des lyc\u00e9ens font leurs devoirs portable allum\u00e9. Moi je constate, et j\u2019agis ! \u00bb<\/p>\n<p class=\"paragraph text_align_left lp-f-body-02\">Aujourd\u2019hui, le dispositif porte seulement sur certaines heures de cours, en fonction des professeurs volontaires. Mais certains \u00e9tablissements, comme le lyc\u00e9e Michelet de <a href=\"https:\/\/www.leparisien.fr\/hauts-de-seine-92\/vanves-92170\/\" target=\"_blank\" rel=\"noreferrer nofollow noopener\">Vanves<\/a>, dans les Hauts-de-Seine, n\u2019ont pas attendu pour aller plus loin, avec une interdiction du portable \u00e0 l\u2019int\u00e9rieur du lyc\u00e9e.<\/p>\n<p class=\"paragraph text_align_left lp-f-body-02\">Un acte qui pourrait toucher toujours plus d\u2019\u00e9l\u00e8ves puisque Val\u00e9rie P\u00e9cresse annonce l\u2019ouverture de 1 000 places suppl\u00e9mentaires dans les lyc\u00e9es franciliens publics lors de cette rentr\u00e9e 2025.<\/p>\n","protected":false},"excerpt":{"rendered":"Si depuis 2018, la loi interdit l\u2019usage du t\u00e9l\u00e9phone portable au coll\u00e8ge, son utilisation au lyc\u00e9e est g\u00e9n\u00e9ralement&hellip;\n","protected":false},"author":2,"featured_media":350760,"comment_status":"","ping_status":"","sticky":false,"template":"","format":"standard","meta":{"footnotes":""},"categories":[1592],"tags":[1111,11,1777,674,1011,27,662,12,626,25,104],"class_list":{"0":"post-350759","1":"post","2":"type-post","3":"status-publish","4":"format-standard","5":"has-post-thumbnail","7":"category-ile-de-france","8":"tag-actu","9":"tag-actualites","10":"tag-eu","11":"tag-europe","12":"tag-fr","13":"tag-france","14":"tag-ile-de-france","15":"tag-news","16":"tag-paris","17":"tag-republique-francaise","18":"tag-societe"},"share_on_mastodon":{"url":"https:\/\/pubeurope.com\/@fr\/115108762302252130","error":""},"_links":{"self":[{"href":"https:\/\/www.europesays.com\/fr\/wp-json\/wp\/v2\/posts\/350759","targetHints":{"allow":["GET"]}}],"collection":[{"href":"https:\/\/www.europesays.com\/fr\/wp-json\/wp\/v2\/posts"}],"about":[{"href":"https:\/\/www.europesays.com\/fr\/wp-json\/wp\/v2\/types\/post"}],"author":[{"embeddable":true,"href":"https:\/\/www.europesays.com\/fr\/wp-json\/wp\/v2\/users\/2"}],"replies":[{"embeddable":true,"href":"https:\/\/www.europesays.com\/fr\/wp-json\/wp\/v2\/comments?post=350759"}],"version-history":[{"count":0,"href":"https:\/\/www.europesays.com\/fr\/wp-json\/wp\/v2\/posts\/350759\/revisions"}],"wp:featuredmedia":[{"embeddable":true,"href":"https:\/\/www.europesays.com\/fr\/wp-json\/wp\/v2\/media\/350760"}],"wp:attachment":[{"href":"https:\/\/www.europesays.com\/fr\/wp-json\/wp\/v2\/media?parent=350759"}],"wp:term":[{"taxonomy":"category","embeddable":true,"href":"https:\/\/www.europesays.com\/fr\/wp-json\/wp\/v2\/categories?post=350759"},{"taxonomy":"post_tag","embeddable":true,"href":"https:\/\/www.europesays.com\/fr\/wp-json\/wp\/v2\/tags?post=350759"}],"curies":[{"name":"wp","href":"https:\/\/api.w.org\/{rel}","templated":true}]}}