{"id":350767,"date":"2025-08-28T22:34:11","date_gmt":"2025-08-28T22:34:11","guid":{"rendered":"https:\/\/www.europesays.com\/fr\/350767\/"},"modified":"2025-08-28T22:34:11","modified_gmt":"2025-08-28T22:34:11","slug":"a-tokyo-tranoi-setend-et-sinstalle-dans-un-stade-historique","status":"publish","type":"post","link":"https:\/\/www.europesays.com\/fr\/350767\/","title":{"rendered":"A Tokyo, Trano\u00ef s&rsquo;\u00e9tend et s&rsquo;installe dans un stade historique"},"content":{"rendered":"<p class=\"article-content col-md-8 offset-md-1\">\n                                A Tokyo, <a class=\"fnwAddLinks\" href=\"https:\/\/ch.fashionnetwork.com\/tags-tranoi\" title=\"Trano\u00ef\" target=\"_blank\" rel=\"noopener\">Trano\u00ef<\/a> continue de monter en puissance. Pour son \u00e9dition japonaise, le salon de mode cr\u00e9ative qui fait partie du giron de la division Mode du groupe GL events, qui avait sign\u00e9 sa premi\u00e8re \u00e9dition il y a un an, va proposer ces 3 et 4 septembre les collections de quelque 230 marques et cr\u00e9ateurs.\u00a0<\/p>\n<p><img decoding=\"async\" class=\"news-image\" style=\"width:100%;\" src=\"https:\/\/www.europesays.com\/fr\/wp-content\/uploads\/2025\/08\/a9d2.jpg\" alt=\"Trano\u00ef Tokyo s'installe dans le Yoyogi National Stadium du 2 au 4 septembre\" loading=\"lazy\"\/>Trano\u00ef Tokyo s&rsquo;installe dans le Yoyogi National Stadium du 2 au 4 septembre &#8211; Trano\u00ef<\/p>\n<p>La dynamique est positive pour l&rsquo;\u00e9v\u00e8nement qui voit le nombre de labels progresser et va pouvoir b\u00e9n\u00e9ficier d&rsquo;un nouveau lieu pour cette session de fin d&rsquo;\u00e9t\u00e9. \u00ab\u00a0Nous allons nous installer dans l&rsquo;enceinte du Yoyogi National Stadium, explique <a class=\"fnwAddLinks\" href=\"https:\/\/ch.fashionnetwork.com\/tags-boris-provost\" title=\"Boris Provost\" target=\"_blank\" rel=\"noopener\">Boris Provost<\/a>, directeur g\u00e9n\u00e9ral de Trano\u00ef. C&rsquo;est un lieu bien plus spacieux mais aussi avec un caract\u00e8re tr\u00e8s fort qui se situe dans un quartier id\u00e9al pour l\u2019accessibilit\u00e9 des acheteurs entre Harajuku et Shibuya.\u00a0\u00bb<\/p>\n<p>Les marques pr\u00e9sentes sont \u00e0 65% issues de la sc\u00e8ne internationale, confirmant l\u2019ambition de Trano\u00ef Tokyo d\u2019ouvrir le march\u00e9 japonais \u00e0 une cr\u00e9ativit\u00e9 venue des cinq continents. Pr\u00e8s de 40% des exposants participent pour la premi\u00e8re fois, garantissant un souffle nouveau pour les d\u00e9taillants et distributeurs en qu\u00eate de singularit\u00e9. Avec ses origines fran\u00e7aises, l&rsquo;\u00e9v\u00e8nement va mettre en avant l&rsquo;esprit tricolore avec une s\u00e9lection de labels d&rsquo;accessoires, avec la pr\u00e9sence de Sans-Arcidet Paris, Herbert Fr\u00e8re <a class=\"fnwAddLinks\" href=\"https:\/\/ch.fashionnetwork.com\/tags-soeur\" title=\"S\u0153ur\" target=\"_blank\" rel=\"noopener\">S\u0153ur<\/a>, <a class=\"fnwAddLinks\" href=\"https:\/\/ch.fashionnetwork.com\/tags-stephane-kelian\" title=\"St\u00e9phane K\u00e9lian\" target=\"_blank\" rel=\"noopener\">St\u00e9phane K\u00e9lian<\/a> ou encore Izipizi.<\/p>\n<p class=\"col-md-8 offset-md-1 article-content--texte\"><a class=\"fnwAddLinks\" href=\"https:\/\/ch.fashionnetwork.com\/tags-huit\" title=\"Huit\" target=\"_blank\" rel=\"noopener\">Huit<\/a> collectifs internationaux investiront des espaces sc\u00e9nographi\u00e9s, t\u00e9moignant de la diversit\u00e9 des influences repr\u00e9sent\u00e9es : 14 cr\u00e9ateurs d\u2019Afrique (Canex), 11 de G\u00e9orgie (Vitrine Showroom), 11 d\u2019Arabie saoudite (Saudi 100 Brands), 10 de Roumanie (Future in Textiles Association), 10 de Colombie (ProColumbia), 10 de Turquie (IHKIB), 6 d\u2019Ukraine (Vetemaze) et 3 de Ta\u00efwan (The Taiwan <a class=\"fnwAddLinks\" href=\"https:\/\/ch.fashionnetwork.com\/tags-edit\" title=\"Edit\" target=\"_blank\" rel=\"noopener\">Edit<\/a> \u2013 Taipei in Style). Ces plateformes illustrent la mission de Trano\u00ef : mettre en avant une cr\u00e9ativit\u00e9 audacieuse et authentique sur la sc\u00e8ne asiatique.<\/p>\n<p>L&rsquo;\u00e9v\u00e8nement n\u2019en oublie pas pour autant la sc\u00e8ne locale. La mode masculine japonaise, en plein essor, sera particuli\u00e8rement mise en valeur \u00e0 travers des labels tels que Teclor, Blue Blue Japan ou encore Graphzero. En parall\u00e8le, un espace lifestyle rassemblera une vingtaine d\u2019exposants dans les univers du parfum, de la d\u00e9coration ou encore de l\u2019horlogerie.<\/p>\n<p>Pour renforcer l\u2019impact business, Trano\u00ef Tokyo d\u00e9ploie un programme d\u00e9di\u00e9 aux acheteurs couvrant le Japon, la Cor\u00e9e, la Chine, Hong Kong et l\u2019Asie du Sud-Est. Ce dispositif inclut des visites guid\u00e9es, des rendez-vous personnalis\u00e9s et des actions cibl\u00e9es avec des KOL (leaders d&rsquo;opinions) cor\u00e9ens, afin d\u2019accro\u00eetre la visibilit\u00e9 des marques participantes.<\/p>\n<p>Pour la direction du salon, la bonne dynamique de Trano\u00ef Tokyo est la validation d&rsquo;un pari audacieux imagin\u00e9 apr\u00e8s la crise du Covid 19. L&rsquo;\u00e9v\u00e8nement grandit \u00e0 son rythme mais nourrit l&rsquo;ambition de s\u2019imposer comme une plateforme strat\u00e9gique pour connecter les voix cr\u00e9atives de la mode internationale avec les acteurs du march\u00e9 japonais et asiatique.\u00a0\n                            <\/p>\n<p>\n                                Tous droits de reproduction et de repr\u00e9sentation r\u00e9serv\u00e9s.<br \/>\u00a9 2025 FashionNetwork.com\n                            <\/p>\n","protected":false},"excerpt":{"rendered":"A Tokyo, Trano\u00ef continue de monter en puissance. Pour son \u00e9dition japonaise, le salon de mode cr\u00e9ative qui&hellip;\n","protected":false},"author":2,"featured_media":350768,"comment_status":"","ping_status":"","sticky":false,"template":"","format":"standard","meta":{"footnotes":""},"categories":[1888],"tags":[11,2424,48732,537,2423,48733,1777,674,1011,27,38095,2425,985,12,2298,626,2426,2427,25,2421,1968,48731,2422,30830],"class_list":{"0":"post-350767","1":"post","2":"type-post","3":"status-publish","4":"format-standard","5":"has-post-thumbnail","7":"category-paris","8":"tag-actualites","9":"tag-beaute","10":"tag-boris-provost","11":"tag-contact","12":"tag-cosmetiques","13":"tag-edit","14":"tag-eu","15":"tag-europe","16":"tag-fr","17":"tag-france","18":"tag-huit","19":"tag-luxe","20":"tag-mode","21":"tag-news","22":"tag-parfum","23":"tag-paris","24":"tag-professionnel","25":"tag-professionnels","26":"tag-republique-francaise","27":"tag-reseau","28":"tag-soeur","29":"tag-stephane-kelian","30":"tag-textile","31":"tag-tranoi"},"share_on_mastodon":{"url":"https:\/\/pubeurope.com\/@fr\/115108778249871882","error":""},"_links":{"self":[{"href":"https:\/\/www.europesays.com\/fr\/wp-json\/wp\/v2\/posts\/350767","targetHints":{"allow":["GET"]}}],"collection":[{"href":"https:\/\/www.europesays.com\/fr\/wp-json\/wp\/v2\/posts"}],"about":[{"href":"https:\/\/www.europesays.com\/fr\/wp-json\/wp\/v2\/types\/post"}],"author":[{"embeddable":true,"href":"https:\/\/www.europesays.com\/fr\/wp-json\/wp\/v2\/users\/2"}],"replies":[{"embeddable":true,"href":"https:\/\/www.europesays.com\/fr\/wp-json\/wp\/v2\/comments?post=350767"}],"version-history":[{"count":0,"href":"https:\/\/www.europesays.com\/fr\/wp-json\/wp\/v2\/posts\/350767\/revisions"}],"wp:featuredmedia":[{"embeddable":true,"href":"https:\/\/www.europesays.com\/fr\/wp-json\/wp\/v2\/media\/350768"}],"wp:attachment":[{"href":"https:\/\/www.europesays.com\/fr\/wp-json\/wp\/v2\/media?parent=350767"}],"wp:term":[{"taxonomy":"category","embeddable":true,"href":"https:\/\/www.europesays.com\/fr\/wp-json\/wp\/v2\/categories?post=350767"},{"taxonomy":"post_tag","embeddable":true,"href":"https:\/\/www.europesays.com\/fr\/wp-json\/wp\/v2\/tags?post=350767"}],"curies":[{"name":"wp","href":"https:\/\/api.w.org\/{rel}","templated":true}]}}