{"id":350771,"date":"2025-08-28T22:36:19","date_gmt":"2025-08-28T22:36:19","guid":{"rendered":"https:\/\/www.europesays.com\/fr\/350771\/"},"modified":"2025-08-28T22:36:19","modified_gmt":"2025-08-28T22:36:19","slug":"la-chine-la-russie-et-la-coree-du-nord-prochainement-reunies-a-pekin-pour-un-defile-militaire-inedit","status":"publish","type":"post","link":"https:\/\/www.europesays.com\/fr\/350771\/","title":{"rendered":"La Chine, la Russie et la Cor\u00e9e du Nord prochainement r\u00e9unies \u00e0 P\u00e9kin pour un d\u00e9fil\u00e9 militaire in\u00e9dit"},"content":{"rendered":"<p class=\"intro\">Le 3\u00a0septembre, Xi Jinping accueillera Vladimir Poutine et Kim Jong Un lors d\u2019une parade comm\u00e9morative dans la capitale chinoise.<\/p>\n<p>Les pr\u00e9paratifs battent leur plein \u00e0 P\u00e9kin. Dans quelques jours, <a href=\"https:\/\/www.parismatch.com\/Actu\/International\/Il-y-a-vingt-ans-Tiananmen-Chine-repression-des-etudiants-139822\" rel=\"nofollow noopener\" target=\"_blank\">la place Tian\u2019anmen<\/a> sera le th\u00e9\u00e2tre d\u2019une parade militaire con\u00e7ue comme un symbole\u00a0: Xi Jinping y recevra le pr\u00e9sident russe Vladimir Poutine et<a href=\"https:\/\/www.parismatch.com\/actu\/international\/kim-jong-un-inspecte-son-nouveau-navire-de-guerre-et-defie-washington-et-seoul-255786\" rel=\"nofollow noopener\" target=\"_blank\"> le dirigeant nord-cor\u00e9en Kim Jong Un<\/a>. Une apparition c\u00f4te \u00e0 c\u00f4te qui n\u2019a encore jamais eu lieu.<\/p>\n<p>La date n\u2019a pas \u00e9t\u00e9 choisie au hasard, puisque le 3\u00a0septembre prochain c\u00e9l\u00e8bre le 80e anniversaire de la fin de la Seconde Guerre mondiale. Cette fois, le contexte international donne \u00e0 l\u2019\u00e9v\u00e9nement une r\u00e9sonance particuli\u00e8re. Alors que <a href=\"https:\/\/www.parismatch.com\/actu\/international\/guerre-en-ukraine-la-russie-recrute-des-prisonniers-et-des-civils-seropositifs-pour-combler-les-rangs-de-son-armee-256168\" rel=\"nofollow noopener\" target=\"_blank\">Moscou est embourb\u00e9 en Ukraine<\/a> et que Pyongyang subit des sanctions \u00e9touffantes, la pr\u00e9sence des deux dirigeants aux c\u00f4t\u00e9s de Xi Jinping envoie un signal clair\u00a0: celui d\u2019un front commun face \u00e0 l\u2019Occident.<\/p>\n<p>    La suite apr\u00e8s cette publicit\u00e9<\/p>\n<p>26\u00a0chefs d\u2019\u00c9tat et de gouvernement pr\u00e9sents<\/p>\n<p>Vingt-six chefs d\u2019\u00c9tat et de gouvernement ont confirm\u00e9 leur venue, selon le minist\u00e8re chinois des Affaires \u00e9trang\u00e8res. Aucun dirigeant occidental n\u2019a accept\u00e9 l\u2019invitation, hormis le Premier ministre slovaque Robert Fico, seul repr\u00e9sentant de l\u2019Union europ\u00e9enne.<\/p>\n<p>    La suite apr\u00e8s cette publicit\u00e9<\/p>\n<p>Le spectacle promet d\u2019\u00eatre calibr\u00e9 au millim\u00e8tre. Les derni\u00e8res g\u00e9n\u00e9rations de missiles, les chars align\u00e9s au cordeau, les r\u00e9giments en uniforme traverseront la place sous les yeux de milliers d\u2019invit\u00e9s. La Chine veut montrer sa ma\u00eetrise militaire, mais aussi sa capacit\u00e9 \u00e0 rallier autour d\u2019elle des alli\u00e9s contestataires de l\u2019ordre occidental.<\/p>\n<p>Pour la Russie, isol\u00e9e diplomatiquement, l\u2019image comptera au moins autant que les discours. Quant \u00e0 Kim Jong Un, rarement sorti de son pays, il obtient une visibilit\u00e9 mondiale.<\/p>\n","protected":false},"excerpt":{"rendered":"Le 3\u00a0septembre, Xi Jinping accueillera Vladimir Poutine et Kim Jong Un lors d\u2019une parade comm\u00e9morative dans la capitale&hellip;\n","protected":false},"author":2,"featured_media":350772,"comment_status":"","ping_status":"","sticky":false,"template":"","format":"standard","meta":{"footnotes":""},"categories":[1591],"tags":[11,1887,12,1885,1886,132],"class_list":{"0":"post-350771","1":"post","2":"type-post","3":"status-publish","4":"format-standard","5":"has-post-thumbnail","7":"category-russie","8":"tag-actualites","9":"tag-federation-de-russie","10":"tag-news","11":"tag-russia","12":"tag-russian-federation","13":"tag-russie"},"share_on_mastodon":{"url":"https:\/\/pubeurope.com\/@fr\/115108786227229574","error":""},"_links":{"self":[{"href":"https:\/\/www.europesays.com\/fr\/wp-json\/wp\/v2\/posts\/350771","targetHints":{"allow":["GET"]}}],"collection":[{"href":"https:\/\/www.europesays.com\/fr\/wp-json\/wp\/v2\/posts"}],"about":[{"href":"https:\/\/www.europesays.com\/fr\/wp-json\/wp\/v2\/types\/post"}],"author":[{"embeddable":true,"href":"https:\/\/www.europesays.com\/fr\/wp-json\/wp\/v2\/users\/2"}],"replies":[{"embeddable":true,"href":"https:\/\/www.europesays.com\/fr\/wp-json\/wp\/v2\/comments?post=350771"}],"version-history":[{"count":0,"href":"https:\/\/www.europesays.com\/fr\/wp-json\/wp\/v2\/posts\/350771\/revisions"}],"wp:featuredmedia":[{"embeddable":true,"href":"https:\/\/www.europesays.com\/fr\/wp-json\/wp\/v2\/media\/350772"}],"wp:attachment":[{"href":"https:\/\/www.europesays.com\/fr\/wp-json\/wp\/v2\/media?parent=350771"}],"wp:term":[{"taxonomy":"category","embeddable":true,"href":"https:\/\/www.europesays.com\/fr\/wp-json\/wp\/v2\/categories?post=350771"},{"taxonomy":"post_tag","embeddable":true,"href":"https:\/\/www.europesays.com\/fr\/wp-json\/wp\/v2\/tags?post=350771"}],"curies":[{"name":"wp","href":"https:\/\/api.w.org\/{rel}","templated":true}]}}