{"id":350773,"date":"2025-08-28T22:37:10","date_gmt":"2025-08-28T22:37:10","guid":{"rendered":"https:\/\/www.europesays.com\/fr\/350773\/"},"modified":"2025-08-28T22:37:10","modified_gmt":"2025-08-28T22:37:10","slug":"les-producteurs-francais-doeufs-faches-et-inquiets-par-les-importations-venues-dukraine","status":"publish","type":"post","link":"https:\/\/www.europesays.com\/fr\/350773\/","title":{"rendered":"Les producteurs fran\u00e7ais d\u2019\u0153ufs f\u00e2ch\u00e9s et inquiets par les importations venues d\u2019Ukraine"},"content":{"rendered":"<p>L\u2019interprofession des <a href=\"https:\/\/www.20minutes.fr\/dossier\/oeuf\" target=\"_blank\" class=\"c-link c-link--is-underlined\" rel=\"nofollow noopener\">\u0153ufs<\/a> (CNPO) tire la sonnette d\u2019alarme. Elle accuse certains distributeurs fran\u00e7ais d\u2019avoir import\u00e9 des centaines de milliers d\u2019\u0153ufs en provenance d\u2019<a href=\"https:\/\/www.20minutes.fr\/monde\/ukraine\/\" target=\"_blank\" class=\"c-link c-link--is-underlined\" rel=\"nofollow noopener\">Ukraine<\/a>, qui ne respecteraient pas les normes europ\u00e9ennes de production et pourraient contenir des antibiotiques interdits.<\/p>\n<p>Depuis le printemps, plusieurs lots d\u2019\u0153ufs ukrainiens estampill\u00e9s code 3 (\u00e9levage en cage) ont \u00e9t\u00e9 rep\u00e9r\u00e9s dans des rayons de grandes surfaces, notamment chez <a href=\"https:\/\/www.20minutes.fr\/economie\/carrefour\/\" target=\"_blank\" class=\"c-link c-link--is-underlined\" rel=\"nofollow noopener\">Carrefour<\/a> et <a href=\"https:\/\/www.20minutes.fr\/dossier\/leclerc\" target=\"_blank\" class=\"c-link c-link--is-underlined\" rel=\"nofollow noopener\">E. Leclerc<\/a>. Carrefour, d\u00e9j\u00e0 mis en cause en juin par la Coordination Rurale via une vid\u00e9o montrant des \u0153ufs ukrainiens dans l\u2019un de ses magasins, d\u00e9ment toute commercialisation de ces produits. Le groupe a affirm\u00e9 qu\u2019il ne \u00ab\u00a0commercialise aucun \u0153uf d\u2019origine ukrainienne\u00a0\u00bb. Contact\u00e9, E.\u00a0Leclerc n\u2019a pas r\u00e9pondu.<\/p>\n<p>Une consommation en forte hausse<\/p>\n<p>Avec l\u2019<a href=\"https:\/\/www.20minutes.fr\/economie\/inflation\/\" target=\"_blank\" class=\"c-link c-link--is-underlined\" rel=\"nofollow noopener\">inflation<\/a>, les Fran\u00e7ais se tournent massivement vers l\u2019\u0153uf, consid\u00e9r\u00e9 comme une prot\u00e9ine accessible. La consommation a bondi de 5\u00a0% en volume depuis le d\u00e9but de l\u2019ann\u00e9e, soit 350\u00a0millions d\u2019\u0153ufs suppl\u00e9mentaires par rapport \u00e0\u00a02024. \u00ab\u00a0On a \u00e9t\u00e9 capable de r\u00e9pondre et de fournir la grande distribution\u00a0\u00bb, souligne Yves-Marie Beaudet, pr\u00e9sident du CNPO.<\/p>\n<\/p>\n<p>Pour l\u2019interprofession, le probl\u00e8me d\u00e9passe le volume import\u00e9 \u2013 environ 300.000 \u0153ufs selon ses informations. \u00ab\u00a0Qu\u2019on en importe un peu d\u2019<a href=\"https:\/\/www.20minutes.fr\/dossier\/espagne\" target=\"_blank\" class=\"c-link c-link--is-underlined\" rel=\"nofollow noopener\">Espagne<\/a> ou d\u2019<a href=\"https:\/\/www.20minutes.fr\/dossier\/italie\" target=\"_blank\" class=\"c-link c-link--is-underlined\" rel=\"nofollow noopener\">Italie<\/a>, \u00e7a reste en <a href=\"https:\/\/www.20minutes.fr\/dossier\/ue\" target=\"_blank\" class=\"c-link c-link--is-underlined\" rel=\"nofollow noopener\">Union europ\u00e9enne<\/a>. Mais quand on va chercher en Ukraine, dont les normes ne sont pas en ad\u00e9quation avec la r\u00e9glementation europ\u00e9enne, ce n\u2019est simplement pas possible\u00a0\u00bb, insiste Yves-Marie Beaudet.<\/p>\n<p>Alertes sanitaires et tensions avec la distribution<\/p>\n<p>Selon le CNPO, ces \u0153ufs ne respectent ni la <a href=\"https:\/\/www.20minutes.fr\/dossier\/reglementation\" target=\"_blank\" class=\"c-link c-link--is-underlined\" rel=\"nofollow noopener\">r\u00e9glementation<\/a> europ\u00e9enne sur l\u2019\u00e9levage en cage, ni l\u2019accord fran\u00e7ais sur l\u2019ovosexage (destin\u00e9 \u00e0 \u00e9viter le broyage des poussins m\u00e2les), ni les r\u00e8gles sanitaires en mati\u00e8re d\u2019antibiotiques. Le syst\u00e8me europ\u00e9en Rasff a d\u00e9j\u00e0 recens\u00e9 quatre cas de d\u00e9tection d\u2019<a href=\"https:\/\/www.20minutes.fr\/dossier\/antibiotique\" target=\"_blank\" class=\"c-link c-link--is-underlined\" rel=\"nofollow noopener\">antibiotiques<\/a> interdits dans des \u0153ufs venus d\u2019Ukraine en juillet et ao\u00fbt. Le CNPO \u00e9voque un \u00ab\u00a0risque sanitaire important\u00a0\u00bb et accuse les distributeurs de double discours.<\/p>\n<p><a href=\"https:\/\/www.20minutes.fr\/dossier\/agriculteurs\" target=\"_blank\" class=\"c-link c-btn c-btn--primary\" rel=\"nofollow noopener\">Notre dossier sur l&rsquo;agriculture<\/a><\/p>\n<p>Les enseignes demandent aux producteurs fran\u00e7ais de r\u00e9duire les \u00e9levages en cage, voire de bannir les \u0153ufs code 3, mais accepteraient d\u2019en importer \u00e0 moindre co\u00fbt depuis l\u2019Ukraine. \u00ab\u00a0C\u2019est peut-\u00eatre un coup d\u2019essai\u00a0\u00bb, met en garde Yves-Marie Beaudet. Face \u00e0 ce qu\u2019elle consid\u00e8re comme une concurrence d\u00e9loyale, la fili\u00e8re appelle les autorit\u00e9s \u00e0 \u00ab\u00a0renforcer les contr\u00f4les\u00a0\u00bb et propose \u00e0 la grande distribution une \u00ab\u00a0r\u00e9union d\u2019urgence\u00a0\u00bb pour r\u00e9gler la situation.<\/p>\n","protected":false},"excerpt":{"rendered":"L\u2019interprofession des \u0153ufs (CNPO) tire la sonnette d\u2019alarme. Elle accuse certains distributeurs fran\u00e7ais d\u2019avoir import\u00e9 des centaines de&hellip;\n","protected":false},"author":2,"featured_media":350774,"comment_status":"","ping_status":"","sticky":false,"template":"","format":"standard","meta":{"footnotes":""},"categories":[1590],"tags":[47,11,26458,350,33,1777,674,131,5799,9345,12,5391,8131,220,555],"class_list":{"0":"post-350773","1":"post","2":"type-post","3":"status-publish","4":"format-standard","5":"has-post-thumbnail","7":"category-ukraine","8":"tag-actualite","9":"tag-actualites","10":"tag-antibiotique","11":"tag-concurrence","12":"tag-economie","13":"tag-eu","14":"tag-europe","15":"tag-guerre-en-ukraine","16":"tag-importation","17":"tag-inflation","18":"tag-news","19":"tag-oeuf","20":"tag-production","21":"tag-ukraine","22":"tag-union-europeenne-ue"},"share_on_mastodon":{"url":"https:\/\/pubeurope.com\/@fr\/115108789873880502","error":""},"_links":{"self":[{"href":"https:\/\/www.europesays.com\/fr\/wp-json\/wp\/v2\/posts\/350773","targetHints":{"allow":["GET"]}}],"collection":[{"href":"https:\/\/www.europesays.com\/fr\/wp-json\/wp\/v2\/posts"}],"about":[{"href":"https:\/\/www.europesays.com\/fr\/wp-json\/wp\/v2\/types\/post"}],"author":[{"embeddable":true,"href":"https:\/\/www.europesays.com\/fr\/wp-json\/wp\/v2\/users\/2"}],"replies":[{"embeddable":true,"href":"https:\/\/www.europesays.com\/fr\/wp-json\/wp\/v2\/comments?post=350773"}],"version-history":[{"count":0,"href":"https:\/\/www.europesays.com\/fr\/wp-json\/wp\/v2\/posts\/350773\/revisions"}],"wp:featuredmedia":[{"embeddable":true,"href":"https:\/\/www.europesays.com\/fr\/wp-json\/wp\/v2\/media\/350774"}],"wp:attachment":[{"href":"https:\/\/www.europesays.com\/fr\/wp-json\/wp\/v2\/media?parent=350773"}],"wp:term":[{"taxonomy":"category","embeddable":true,"href":"https:\/\/www.europesays.com\/fr\/wp-json\/wp\/v2\/categories?post=350773"},{"taxonomy":"post_tag","embeddable":true,"href":"https:\/\/www.europesays.com\/fr\/wp-json\/wp\/v2\/tags?post=350773"}],"curies":[{"name":"wp","href":"https:\/\/api.w.org\/{rel}","templated":true}]}}