{"id":350775,"date":"2025-08-28T22:38:26","date_gmt":"2025-08-28T22:38:26","guid":{"rendered":"https:\/\/www.europesays.com\/fr\/350775\/"},"modified":"2025-08-28T22:38:26","modified_gmt":"2025-08-28T22:38:26","slug":"ryder-cup-lequipe-des-usa-au-complet","status":"publish","type":"post","link":"https:\/\/www.europesays.com\/fr\/350775\/","title":{"rendered":"Ryder Cup : l&rsquo;\u00e9quipe des USA au complet"},"content":{"rendered":"<p>Keegan Bradley, le capitaine de l\u2019\u00e9quipe am\u00e9ricaine de Ryder Cup, a annonc\u00e9 la composition de sa formation pour la rencontre de fin septembre. Malgr\u00e9 ses bons r\u00e9sultats, il a choisi de se consacrer enti\u00e8rement \u00e0 son r\u00f4le de capitaine. <\/p>\n<p>Cr\u00e9dit: AFP \/ Getty Images<\/p>\n<p>La nouvelle est tomb\u00e9e. Malgr\u00e9 une victoire au Travelers Championship en juin et cinq autres Tops 10 cette saison dont une 7e place au Tour Championship la semaine derni\u00e8re, <strong>Keegan Bradley <\/strong>a d\u00e9cid\u00e9 de ne pas s\u2019accorder une place de joueur pour la prochaine <strong>Ryder Cup<\/strong>, pr\u00e9vue du 26 au 28 septembre, \u00e0 <strong>Bethpage,<\/strong> pr\u00e8s de New-York. <\/p>\n<p><strong>\u00ab\u00a0J\u2019ai grandi en r\u00eavant de disputer la Ryder Cup\u00a0\u00bb,<\/strong> a comment\u00e9 Bradley, n\u00b011 mondial, qui a d\u00e9j\u00e0 jou\u00e9 ce match entre les USA et l\u2019Europe en 2012 et 2014. \u00ab\u00a0Mais cette fois, j\u2019ai \u00e9t\u00e9 choisi pour faire un travail de particulier, celui de capitaine. <strong>Je veux me consacrer \u00e0 100 % \u00e0 ce r\u00f4le.\u00a0\u00bb<\/strong><\/p>\n<p>Mercredi, Bradley, 39 ans, a donc annonc\u00e9 les six wild-cards qui vont rejoindre l\u2019\u00e9quipe des USA qui comptait d\u00e9j\u00e0 six qualifi\u00e9s : <strong>Scottie Scheffler,<\/strong> n\u00b01 mondial, <strong>Xander Schaffele,<\/strong> n\u00b03, <strong>Russell Henley,<\/strong> n\u00b04, <strong>J.J. Spaun,<\/strong> n\u00b07, <strong>Harris English,<\/strong> n\u00b010 et <strong>Bryson DeChambeau,<\/strong> n\u00b018. <\/p>\n<p>Les six heureux \u00e9lus sont <strong>Justin Thomas, <\/strong>n\u00b05 mondial, <strong>Collin Morikawa,<\/strong> n\u00b08, <strong>Ben Griffin,<\/strong> n\u00b017, <strong>Cameron<\/strong> <strong>Young,<\/strong> n\u00b020, <strong>Patrick Cantlay,<\/strong> n\u00b021, et <strong>Sam Burns,<\/strong> n\u00b022. Au total, sur les 12 joueurs de l\u2019\u00e9quipe am\u00e9ricaine, on retrouve <strong>quatre rookies<\/strong> : Spaun, Henley, Griffin et Young.<\/p>\n<p>Du c\u00f4t\u00e9 europ\u00e9en, le capitaine <strong>Luke Donald<\/strong> annoncera ses six wild-cards le lundi 1er septembre \u00e0 l\u2019issue de l\u2019Omega European Masters, disput\u00e9 cette semaine en Suisse. Les six joueurs d\u00e9j\u00e0 qualifi\u00e9s sont <strong>Rory McIlroy, Tommy Fleetwood, Justin Rose, Tyrrell Hatton, Robert MacIntyre <\/strong>et <strong>Rasmus Hojgaard.     <\/strong><\/p>\n","protected":false},"excerpt":{"rendered":"Keegan Bradley, le capitaine de l\u2019\u00e9quipe am\u00e9ricaine de Ryder Cup, a annonc\u00e9 la composition de sa formation pour&hellip;\n","protected":false},"author":2,"featured_media":350776,"comment_status":"","ping_status":"","sticky":false,"template":"","format":"standard","meta":{"footnotes":""},"categories":[1589],"tags":[11,73,1866,12,1864,1865,1863,308],"class_list":{"0":"post-350775","1":"post","2":"type-post","3":"status-publish","4":"format-standard","5":"has-post-thumbnail","7":"category-etats-unis","8":"tag-actualites","9":"tag-etats-unis","10":"tag-etats-unis-damerique","11":"tag-news","12":"tag-united-states","13":"tag-united-states-of-america","14":"tag-us","15":"tag-usa"},"share_on_mastodon":{"url":"https:\/\/pubeurope.com\/@fr\/115108793910713829","error":""},"_links":{"self":[{"href":"https:\/\/www.europesays.com\/fr\/wp-json\/wp\/v2\/posts\/350775","targetHints":{"allow":["GET"]}}],"collection":[{"href":"https:\/\/www.europesays.com\/fr\/wp-json\/wp\/v2\/posts"}],"about":[{"href":"https:\/\/www.europesays.com\/fr\/wp-json\/wp\/v2\/types\/post"}],"author":[{"embeddable":true,"href":"https:\/\/www.europesays.com\/fr\/wp-json\/wp\/v2\/users\/2"}],"replies":[{"embeddable":true,"href":"https:\/\/www.europesays.com\/fr\/wp-json\/wp\/v2\/comments?post=350775"}],"version-history":[{"count":0,"href":"https:\/\/www.europesays.com\/fr\/wp-json\/wp\/v2\/posts\/350775\/revisions"}],"wp:featuredmedia":[{"embeddable":true,"href":"https:\/\/www.europesays.com\/fr\/wp-json\/wp\/v2\/media\/350776"}],"wp:attachment":[{"href":"https:\/\/www.europesays.com\/fr\/wp-json\/wp\/v2\/media?parent=350775"}],"wp:term":[{"taxonomy":"category","embeddable":true,"href":"https:\/\/www.europesays.com\/fr\/wp-json\/wp\/v2\/categories?post=350775"},{"taxonomy":"post_tag","embeddable":true,"href":"https:\/\/www.europesays.com\/fr\/wp-json\/wp\/v2\/tags?post=350775"}],"curies":[{"name":"wp","href":"https:\/\/api.w.org\/{rel}","templated":true}]}}