{"id":350779,"date":"2025-08-28T22:40:13","date_gmt":"2025-08-28T22:40:13","guid":{"rendered":"https:\/\/www.europesays.com\/fr\/350779\/"},"modified":"2025-08-28T22:40:13","modified_gmt":"2025-08-28T22:40:13","slug":"une-piste-estivale-des-verts-file-en-allemagne","status":"publish","type":"post","link":"https:\/\/www.europesays.com\/fr\/350779\/","title":{"rendered":"Une piste estivale des Verts file en Allemagne"},"content":{"rendered":"<p>                                            Publi\u00e9 le 28\/08\/2025 \u00e0 23h23<br \/>\n                                                                                3 minutes de lecture\n                                                                    <\/p>\n<p>F\u00e9ru de sport et plus particuli\u00e8rement de ballon rond depuis ma plus tendre enfance.<\/p>\n<p>                                            Lire la suite<\/p>\n<p>Le mercato estival de l\u00a0\u00bbAS Saint-\u00c9tienne continue de faire parler dans le Forez, notamment concernant les dossiers qui n&rsquo;ont pas abouti. Parmi les pistes explor\u00e9es par les dirigeants st\u00e9phanois pour renforcer le couloir droit, celle menant \u00e0 <strong>Paul Joly<\/strong> avait particuli\u00e8rement retenu l&rsquo;attention. Le lat\u00e9ral droit de l&rsquo;AJ Auxerre, \u00e2g\u00e9 de <strong>25 ans<\/strong>, pr\u00e9sentait un profil int\u00e9ressant pour les Verts, fort de son exp\u00e9rience en Ligue 2 et de ses performances remarqu\u00e9es lors de la saison 2023-2024. Cependant, les n\u00e9gociations n&rsquo;ont pas abouti, et le natif d&rsquo;Orl\u00e9ans vient de trouver une nouvelle destination pour la suite de sa carri\u00e8re. L&rsquo;international espoir fran\u00e7ais s&rsquo;est officiellement engag\u00e9 avec le <strong>1. FC Kaiserslautern<\/strong>, club \u00e9voluant en 2.Bundesliga, sous la forme d&rsquo;un pr\u00eat assorti d&rsquo;une option d&rsquo;achat. Cette signature marque une \u00e9tape importante dans la carri\u00e8re du d\u00e9fenseur, qui d\u00e9couvrira pour la premi\u00e8re fois un championnat \u00e9tranger apr\u00e8s avoir \u00e9volu\u00e9 exclusivement en France depuis ses d\u00e9buts professionnels.<\/p>\n<p>                                <img decoding=\"async\" src=\"https:\/\/www.europesays.com\/fr\/wp-content\/uploads\/2025\/04\/1744123449_543_logo.png\" alt=\"Logo\"\/><\/p>\n<p>100\u20ac offerts sur ton 1er pari !<\/p>\n<p>                            <a href=\"https:\/\/bit.ly\/4j5wl4k\" class=\"headband-button\" rel=\"nofollow noopener\" target=\"_blank\">J&rsquo;en profite<\/a><\/p>\n<p>                                                                <img loading=\"lazy\" decoding=\"async\" src=\"https:\/\/www.europesays.com\/fr\/wp-content\/uploads\/2025\/08\/mercato-asse-une-piste-estivale-des-verts-file-en-allemagne.jpg\" alt=\"Illustration : &quot;Mercato ASSE : Une piste estivale des Verts file en Allemagne &quot;\" class=\"figure-img img-fluid\" width=\"780\" height=\"478\"\/><\/p>\n<p>                                    \u00a9 Site officiel de l&rsquo;ASSE                                <\/p>\n<p>Les n\u00e9gociations avort\u00e9es avec Saint-\u00c9tienne<\/p>\n<p>L&rsquo;int\u00e9r\u00eat de l&rsquo;AS Saint-\u00c9tienne pour <strong>Paul Joly<\/strong> n&rsquo;\u00e9tait pas anodin. Le lat\u00e9ral droit avait brill\u00e9 lors de la saison 2023-2024 en Ligue 2 avec l&rsquo;AJ Auxerre, d\u00e9livrant <strong>huit passes d\u00e9cisives en 37 rencontres<\/strong>, des statistiques qui t\u00e9moignaient de son apport offensif et de sa capacit\u00e9 \u00e0 peser dans le jeu de son \u00e9quipe. Cette connaissance parfaite de la division constituait un atout majeur aux yeux des dirigeants st\u00e9phanois, qui cherchaient un joueur imm\u00e9diatement op\u00e9rationnel pour leur retour en Ligue 2. Selon les informations r\u00e9v\u00e9l\u00e9es par Le Progr\u00e8s, les Verts avaient m\u00eame franchi le cap en formulant une offre concr\u00e8te d&rsquo;un montant de <strong>1,5 million d&rsquo;euros<\/strong> pour s&rsquo;attacher les services du d\u00e9fenseur. Cependant, cette proposition s&rsquo;est heurt\u00e9e aux exigences financi\u00e8res de l&rsquo;AJ Auxerre, qui r\u00e9clamait le double de cette somme, soit environ <strong>3 millions d&rsquo;euros<\/strong>. Cette diff\u00e9rence d&rsquo;\u00e9valuation a finalement conduit \u00e0 l&rsquo;\u00e9chec des n\u00e9gociations, contraignant Saint-\u00c9tienne \u00e0 se tourner vers d&rsquo;autres pistes pour renforcer son flanc droit.<\/p>\n<p>Le choix final des Verts et la situation de Joly<\/p>\n<p>Face \u00e0 l&rsquo;impasse dans le dossier <strong>Paul Joly<\/strong>, l&rsquo;AS Saint-\u00c9tienne a finalement trouv\u00e9 son bonheur du c\u00f4t\u00e9 de l&rsquo;Angleterre, en jetant son d\u00e9volu sur <strong>Jo\u00e3o Ferreira<\/strong>, lat\u00e9ral droit portugais de <strong>24 ans<\/strong> \u00e9voluant \u00e0 Watford. Cette alternative s&rsquo;est r\u00e9v\u00e9l\u00e9e plus co\u00fbteuse puisque les St\u00e9phanois ont d\u00e9bours\u00e9 environ <strong>3 millions d&rsquo;euros hors bonus<\/strong> pour s&rsquo;offrir les services du d\u00e9fenseur lusitanien, qui s&rsquo;est engag\u00e9 jusqu&rsquo;en <strong>juin 2029<\/strong>. Parall\u00e8lement, la situation de Paul Joly \u00e0 Auxerre s&rsquo;\u00e9tait compliqu\u00e9e lors de la seconde partie de la saison 2024-2025 en Ligue 1, o\u00f9 il avait vu son temps de jeu se r\u00e9duire consid\u00e9rablement. Cette diminution de son statut avait pouss\u00e9 le natif d&rsquo;Orl\u00e9ans \u00e0 faire savoir \u00e0 ses dirigeants qu&rsquo;il souhaitait partir cet \u00e9t\u00e9 pour retrouver une place de titulaire et b\u00e9n\u00e9ficier d&rsquo;un temps de jeu plus cons\u00e9quent. Cette volont\u00e9 de changement s&rsquo;inscrivait dans une logique de progression de carri\u00e8re, le joueur estimant n\u00e9cessaire d&rsquo;\u00e9voluer r\u00e9guli\u00e8rement pour continuer \u00e0 progresser et maintenir son niveau.<\/p>\n<p>Une nouvelle aventure en Allemagne<\/p>\n<p>C&rsquo;est finalement vers l&rsquo;Allemagne que <strong>Paul Joly<\/strong> a d\u00e9cid\u00e9 de s&rsquo;orienter pour relancer sa carri\u00e8re. Le <strong>1. FC Kaiserslautern<\/strong>, club historique \u00e9voluant actuellement en 2.Bundesliga, a trouv\u00e9 un accord avec l&rsquo;AJ Auxerre pour un pr\u00eat assorti d&rsquo;une option d&rsquo;achat, dont le montant n&rsquo;a pas \u00e9t\u00e9 d\u00e9voil\u00e9. Cette destination repr\u00e9sente un d\u00e9fi stimulant pour le d\u00e9fenseur fran\u00e7ais, qui d\u00e9couvrira un nouveau championnat r\u00e9put\u00e9 pour son intensit\u00e9 et sa rigueur tactique. L&rsquo;AJ Auxerre a officialis\u00e9 ce d\u00e9part par un message sur ses r\u00e9seaux sociaux, souhaitant \u00ab\u00a0une excellente saison en Allemagne\u00a0\u00bb \u00e0 son joueur. Cette premi\u00e8re exp\u00e9rience \u00e0 l&rsquo;\u00e9tranger constitue une \u00e9tape importante dans la carri\u00e8re du lat\u00e9ral droit, qui aura l&rsquo;opportunit\u00e9 de d\u00e9couvrir une nouvelle culture footballistique et de s&rsquo;enrichir sportivement dans un environnement diff\u00e9rent de celui qu&rsquo;il a toujours connu en France.<\/p>\n<p>Ce samedi, l\u2019ASSE re\u00e7oit Grenoble dans son chaudron pour confirmer apr\u00e8s son succ\u00e8s \u00e0 Boulogne. Pour cette saison 2025-2026, profitez de 100\u20ac offerts pour votre premi\u00e8re inscription sur Parions Sport en Ligne. <a href=\"http:\/\/bit.ly\/4hgs1yE\" rel=\"nofollow noopener\" target=\"_blank\"><strong>Une victoire de l\u2019ASSE face \u00e0 Grenoble par au moins deux buts d\u2019\u00e9cart vous rapporte jusqu\u2019\u00e0 225\u20ac !<\/strong><\/a><\/p>\n<p><strong>Pour en profiter, c\u2019est tr\u00e8s simple :<\/strong><\/p>\n<p>&#8211;                  Cr\u00e9ez votre compte joueur en seulement 2 \u00e9tapes <a href=\"http:\/\/bit.ly\/4hgs1yE\" rel=\"nofollow noopener\" target=\"_blank\"><strong>ici<\/strong><\/a><\/p>\n<p>&#8211;                  R\u00e9alisez votre 1er d\u00e9p\u00f4t puis placez votre 1er pari (Minimum 5\u20ac)<\/p>\n<p>&#8211;                  Une fois votre 1er d\u00e9p\u00f4t et votre 1er pari r\u00e9alis\u00e9s, l\u2019int\u00e9gralit\u00e9 du montant de ce 1er pari sera cr\u00e9dit\u00e9e sur votre compte joueur dans la limite de 100\u20ac maximum et sous la forme de cr\u00e9dits de jeu non retirables. Le cr\u00e9dit s\u2019effectuera alors en une seule \u00e9tape et sous 3 jours<\/p>\n<p>Jouer comporte des risques : endettement, d\u00e9pendance\u2026 Appelez le 09 74 75 13 13 (appel non surtax\u00e9)<\/p>\n","protected":false},"excerpt":{"rendered":"Publi\u00e9 le 28\/08\/2025 \u00e0 23h23 3 minutes de lecture F\u00e9ru de sport et plus particuli\u00e8rement de ballon rond&hellip;\n","protected":false},"author":2,"featured_media":350780,"comment_status":"","ping_status":"","sticky":false,"template":"","format":"standard","meta":{"footnotes":""},"categories":[1587],"tags":[11,672,1804,1805,1803,1777,674,1801,12,1802],"class_list":{"0":"post-350779","1":"post","2":"type-post","3":"status-publish","4":"format-standard","5":"has-post-thumbnail","7":"category-allemagne","8":"tag-actualites","9":"tag-allemagne","10":"tag-bundesrepublik-deutschland","11":"tag-de","12":"tag-deutschland","13":"tag-eu","14":"tag-europe","15":"tag-germany","16":"tag-news","17":"tag-republique-federale-dallemagne"},"share_on_mastodon":{"url":"https:\/\/pubeurope.com\/@fr\/115108801750506259","error":""},"_links":{"self":[{"href":"https:\/\/www.europesays.com\/fr\/wp-json\/wp\/v2\/posts\/350779","targetHints":{"allow":["GET"]}}],"collection":[{"href":"https:\/\/www.europesays.com\/fr\/wp-json\/wp\/v2\/posts"}],"about":[{"href":"https:\/\/www.europesays.com\/fr\/wp-json\/wp\/v2\/types\/post"}],"author":[{"embeddable":true,"href":"https:\/\/www.europesays.com\/fr\/wp-json\/wp\/v2\/users\/2"}],"replies":[{"embeddable":true,"href":"https:\/\/www.europesays.com\/fr\/wp-json\/wp\/v2\/comments?post=350779"}],"version-history":[{"count":0,"href":"https:\/\/www.europesays.com\/fr\/wp-json\/wp\/v2\/posts\/350779\/revisions"}],"wp:featuredmedia":[{"embeddable":true,"href":"https:\/\/www.europesays.com\/fr\/wp-json\/wp\/v2\/media\/350780"}],"wp:attachment":[{"href":"https:\/\/www.europesays.com\/fr\/wp-json\/wp\/v2\/media?parent=350779"}],"wp:term":[{"taxonomy":"category","embeddable":true,"href":"https:\/\/www.europesays.com\/fr\/wp-json\/wp\/v2\/categories?post=350779"},{"taxonomy":"post_tag","embeddable":true,"href":"https:\/\/www.europesays.com\/fr\/wp-json\/wp\/v2\/tags?post=350779"}],"curies":[{"name":"wp","href":"https:\/\/api.w.org\/{rel}","templated":true}]}}