{"id":350781,"date":"2025-08-28T22:41:13","date_gmt":"2025-08-28T22:41:13","guid":{"rendered":"https:\/\/www.europesays.com\/fr\/350781\/"},"modified":"2025-08-28T22:41:13","modified_gmt":"2025-08-28T22:41:13","slug":"basketball-championnat-deurope-2025-le-direct-et-les-resultats-la-france-debute-bien-sports-infos-ski","status":"publish","type":"post","link":"https:\/\/www.europesays.com\/fr\/350781\/","title":{"rendered":"Basketball &#8211; Championnat d&rsquo;Europe 2025 : Le direct et les r\u00e9sultats &#8211; La France d\u00e9bute bien &#8211; Sports Infos &#8211; Ski"},"content":{"rendered":"<p><strong>Basketball &#8211; Championnat d&rsquo;Europe 2025\u00a0<\/strong><\/p>\n<p>L\u2019Euro de Basket masculin se d\u00e9roule dans 4 pays\u00a0: Chypre, la Lettonie, la Finlande et la Pologne. Chacun accueille un des groupes du premier tour, \u00e0 Limassol, Riga, Tampere et Katowice.<\/p>\n<p>24 \u00e9quipes seront pr\u00e9sentes, r\u00e9parties en 4 groupes de 6 nations.<\/p>\n<p>\u00a0<\/p>\n<p><strong>Groupe A :<\/strong> \ud83c\uddf5\ud83c\uddf9 Portugal \u2014 \ud83c\uddea\ud83c\uddea Estonie \u2014 \ud83c\uddf1\ud83c\uddfb Lettonie \u2014 \ud83c\uddf9\ud83c\uddf7 Turquie \u2014 \ud83c\uddf7\ud83c\uddf8 Serbie \u2014 \ud83c\udde8\ud83c\uddff Tch\u00e9quie<\/p>\n<p><strong>Groupe B :<\/strong> \ud83c\udde9\ud83c\uddea Allemagne \u2014 \ud83c\uddeb\ud83c\uddee Finlande \u2014 \ud83c\uddec\ud83c\udde7 Grande-Bretagne \u2014 \ud83c\uddf1\ud83c\uddf9 Lituanie \u2014 \ud83c\uddf8\ud83c\uddea Su\u00e8de \u2014 \ud83c\uddf2\ud83c\uddea Mont\u00e9n\u00e9gro<\/p>\n<p><strong>Groupe C :<\/strong> \ud83c\udde8\ud83c\uddfe Chypre \u2014 \ud83c\uddee\ud83c\uddf9 Italie \u2014 \ud83c\uddec\ud83c\uddea G\u00e9orgie \u2014 \ud83c\uddec\ud83c\uddf7 Gr\u00e8ce \u2014 \ud83c\udde7\ud83c\udde6 Bosnie-Herz\u00e9govine \u2014 \ud83c\uddea\ud83c\uddf8 Espagne<\/p>\n<p><strong>Groupe D :<\/strong> \ud83c\uddee\ud83c\uddf8 Islande \u2014 \ud83c\uddeb\ud83c\uddf7 France \u2014 \ud83c\uddf8\ud83c\uddee Slov\u00e9nie \u2014 \ud83c\uddf5\ud83c\uddf1 Pologne \u2014 \ud83c\udde7\ud83c\uddea Belgique \u2014 \ud83c\uddee\ud83c\uddf1 Isra\u00ebl<\/p>\n<p>\u00a0<\/p>\n<p><strong>La composition de l\u2019\u00e9quipe de France<\/strong><\/p>\n<p><strong>Meneurs :<\/strong> Sylvain Francisco \u2014 Th\u00e9o Maledon \u2014 Nadir Hifi<\/p>\n<p><strong>Ext\u00e9rieurs :<\/strong> Elie Okobo \u2014 Bilal Coulibaly \u2014 Timoth\u00e9 Luwawu-Cabarrot \u2014 Zaccharie Risacher \u2014 Isa\u00efa Cordinier<\/p>\n<p><strong>Int\u00e9rieurs :<\/strong> Mouhammadou Jaiteh \u2014 Alexandre Sarr \u2014 Jaylen Hoard \u2014 Guerschon Yabusele<\/p>\n<p>\u00a0<\/p>\n<p><strong>Le programme et les r\u00e9sultats<\/strong><\/p>\n<p>27.08. 13:45 \u2014 \ud83c\udde8\ud83c\uddff R\u00e9publique Tch\u00e8que vs \ud83c\uddf5\ud83c\uddf9 Portugal : 50-62<\/p>\n<p>27.08. 13:45\u00a0 &#8211;\u00a0 \ud83c\uddec\ud83c\udde7 Grande-Bretagne vs\u00a0\ud83c\uddf1\ud83c\uddf9 Lituanie : 70-94<\/p>\n<p>27.08. 15:30 \u2014 \ud83c\uddf2\ud83c\uddea Mont\u00e9n\u00e9gro vs \ud83c\udde9\ud83c\uddea Allemagne : 76-106<\/p>\n<p>27.08. 17:00 \u2014 \ud83c\uddf1\ud83c\uddfb Lettonie vs \ud83c\uddf9\ud83c\uddf7 Turquie : 73-93<\/p>\n<p>27.08. 19:30 \u2014 \ud83c\uddf8\ud83c\uddea Su\u00e8de vs \ud83c\uddeb\ud83c\uddee Finlande : 90-93<\/p>\n<p>27.08. 20:15 \u2014 \ud83c\uddf7\ud83c\uddf8 Serbie vs \ud83c\uddea\ud83c\uddea Estonie : 98-64<\/p>\n<p>\u00a0<\/p>\n<p>28.08. 14:00 \u2014 \ud83c\uddec\ud83c\uddea G\u00e9orgie vs \ud83c\uddea\ud83c\uddf8 Espagne : 83-69<\/p>\n<p>28.08. 14:00 \u2014 \ud83c\uddee\ud83c\uddf1 Isra\u00ebl vs \ud83c\uddee\ud83c\uddf8 Islande : 83-71<\/p>\n<p>28.08. 17:00 \u2014 \ud83c\udde7\ud83c\uddea Belgique vs \ud83c\uddeb\ud83c\uddf7 France : 64-92<\/p>\n<p>28.08. 17:15 \u2014 \ud83c\udde7\ud83c\udde6 Bosnie-Herz\u00e9govine vs \ud83c\udde8\ud83c\uddfe Chypre : 91-64<\/p>\n<p>28.08. 20:30 \u2014 \ud83c\uddec\ud83c\uddf7 Gr\u00e8ce vs \ud83c\uddee\ud83c\uddf9 Italie : 75-66<\/p>\n<p>28.08. 20:30 \u2014 \ud83c\uddf8\ud83c\uddee Slov\u00e9nie vs \ud83c\uddf5\ud83c\uddf1 Pologne : 95-105<\/p>\n<p>\u00a0<\/p>\n<p><strong>Journ\u00e9e 2<\/strong><\/p>\n<p>29.08. 12:30 \u2014 \ud83c\udde9\ud83c\uddea Allemagne vs \ud83c\uddf8\ud83c\uddea Su\u00e8de &#8211; &#8211;<\/p>\n<p>29.08. 13:45 \u2014 \ud83c\uddf9\ud83c\uddf7 Turquie vs \ud83c\udde8\ud83c\uddff R\u00e9publique Tch\u00e8que &#8211; &#8211;<\/p>\n<p>29.08. 15:30 \u2014 \ud83c\uddf1\ud83c\uddf9 Lituanie vs \ud83c\uddf2\ud83c\uddea Mont\u00e9n\u00e9gro &#8211; &#8211;<\/p>\n<p>29.08. 17:00 \u2014 \ud83c\uddea\ud83c\uddea Estonie vs \ud83c\uddf1\ud83c\uddfb Lettonie &#8211; &#8211;<\/p>\n<p>29.08. 19:30 \u2014 \ud83c\uddeb\ud83c\uddee Finlande vs \ud83c\uddec\ud83c\udde7 Grande-Bretagne &#8211; &#8211;<\/p>\n<p>29.08. 20:15 \u2014 \ud83c\uddf5\ud83c\uddf9 Portugal vs \ud83c\uddf7\ud83c\uddf8 Serbie &#8211; &#8211;<\/p>\n<p>\u00a0<\/p>\n<p><strong>Phase finale \u00e0 Riga en Lettonie<\/strong><\/p>\n<p>6 et 7 septembre : huiti\u00e8mes de finale<\/p>\n<p>9 et 10 septembre : quarts de finale<\/p>\n<p>12 septembre : demi-finale<\/p>\n<p>14 septembre : finale et match pour la troisi\u00e8me place (en cas de qualification)<\/p>\n<p>A SUIVRE<\/p>\n<p><img decoding=\"async\" alt=\"EuroBasket 2025\" src=\"https:\/\/www.europesays.com\/fr\/wp-content\/uploads\/2025\/08\/539417561_18365601958197519_6283148740441046591_n.jpg\"\/><\/p>\n<p>Le savais-tu ?<\/p>\n<p>La France a remport\u00e9 une\u00a0m\u00e9daille\u00a0d\u2019argent \u00e0 l\u2019EuroBasket (2011) et un titre historique en 2013. L\u2019\u00e9dition 2025 sera une nouvelle opportunit\u00e9 pour briller.<\/p>\n","protected":false},"excerpt":{"rendered":"Basketball &#8211; Championnat d&rsquo;Europe 2025\u00a0 L\u2019Euro de Basket masculin se d\u00e9roule dans 4 pays\u00a0: Chypre, la Lettonie, la&hellip;\n","protected":false},"author":2,"featured_media":350782,"comment_status":"","ping_status":"","sticky":false,"template":"","format":"standard","meta":{"footnotes":""},"categories":[1586],"tags":[11,2863,1465,3477,3233,12082,1777,674,1011,27,1114,12,8975,9622,5240,25,1980,8974,395,2955],"class_list":{"0":"post-350781","1":"post","2":"type-post","3":"status-publish","4":"format-standard","5":"has-post-thumbnail","7":"category-europe","8":"tag-actualites","9":"tag-aout","10":"tag-basket","11":"tag-cette","12":"tag-championnat","13":"tag-deurope","14":"tag-eu","15":"tag-europe","16":"tag-fr","17":"tag-france","18":"tag-infos","19":"tag-news","20":"tag-page","21":"tag-prevu","22":"tag-programme","23":"tag-republique-francaise","24":"tag-resultats","25":"tag-retrouvez","26":"tag-septembre","27":"tag-videos"},"share_on_mastodon":{"url":"https:\/\/pubeurope.com\/@fr\/115108805810465799","error":""},"_links":{"self":[{"href":"https:\/\/www.europesays.com\/fr\/wp-json\/wp\/v2\/posts\/350781","targetHints":{"allow":["GET"]}}],"collection":[{"href":"https:\/\/www.europesays.com\/fr\/wp-json\/wp\/v2\/posts"}],"about":[{"href":"https:\/\/www.europesays.com\/fr\/wp-json\/wp\/v2\/types\/post"}],"author":[{"embeddable":true,"href":"https:\/\/www.europesays.com\/fr\/wp-json\/wp\/v2\/users\/2"}],"replies":[{"embeddable":true,"href":"https:\/\/www.europesays.com\/fr\/wp-json\/wp\/v2\/comments?post=350781"}],"version-history":[{"count":0,"href":"https:\/\/www.europesays.com\/fr\/wp-json\/wp\/v2\/posts\/350781\/revisions"}],"wp:featuredmedia":[{"embeddable":true,"href":"https:\/\/www.europesays.com\/fr\/wp-json\/wp\/v2\/media\/350782"}],"wp:attachment":[{"href":"https:\/\/www.europesays.com\/fr\/wp-json\/wp\/v2\/media?parent=350781"}],"wp:term":[{"taxonomy":"category","embeddable":true,"href":"https:\/\/www.europesays.com\/fr\/wp-json\/wp\/v2\/categories?post=350781"},{"taxonomy":"post_tag","embeddable":true,"href":"https:\/\/www.europesays.com\/fr\/wp-json\/wp\/v2\/tags?post=350781"}],"curies":[{"name":"wp","href":"https:\/\/api.w.org\/{rel}","templated":true}]}}