{"id":350783,"date":"2025-08-28T22:42:14","date_gmt":"2025-08-28T22:42:14","guid":{"rendered":"https:\/\/www.europesays.com\/fr\/350783\/"},"modified":"2025-08-28T22:42:14","modified_gmt":"2025-08-28T22:42:14","slug":"comment-interpreter-la-frappe-russe-sur-un-batiment-de-lue-a-kiev","status":"publish","type":"post","link":"https:\/\/www.europesays.com\/fr\/350783\/","title":{"rendered":"comment interpr\u00e9ter la frappe russe sur un b\u00e2timent de l&rsquo;UE \u00e0 Kiev?"},"content":{"rendered":"<p>Au cours d&rsquo;une des plus importantes attaques a\u00e9riennes russes contre l&rsquo;Ukraine, Moscou a touch\u00e9 le b\u00e2timent de la d\u00e9l\u00e9gation de l&rsquo;Union europ\u00e9enne \u00e0 Kiev. Un dommage collat\u00e9ral ou une provocation d\u00e9lib\u00e9r\u00e9e? Des experts nous livrent leur analyse.<\/p>\n<p>La <a href=\"https:\/\/www.bfmtv.com\/international\/europe\/ukraine\/guerre-en-ukraine-une-importante-attaque-russe-contre-kiev-fait-au-moins-trois-morts_AD-202508280136.html\" title=\"Guerre en Ukraine: une importante attaque russe contre Kiev fait au moins 14 morts, dont trois enfants\" class=\"internal_link\" rel=\"nofollow noopener\" target=\"_blank\">capitale ukrainienne a \u00e9t\u00e9 cibl\u00e9e<\/a> dans la nuit de mercredi \u00e0 ce jeudi 28 ao\u00fbt par une attaque a\u00e9rienne russe parmi les plus importantes depuis le d\u00e9but de la guerre. Au total, 598 drones et 31 missiles ont \u00e9t\u00e9 tir\u00e9s sur le pays <a href=\"https:\/\/www.bfmtv.com\/international\/europe\/ukraine\/14-morts-dont-trois-enfants-batiment-de-l-ue-touche-ce-que-l-on-sait-sur-les-frappes-russes-sur-kiev_AN-202508280378.html\" title=\"18 morts dont quatre enfants, b\u00e2timent de l&#039;UE touch\u00e9... Ce que l&#039;on sait sur les frappes russes sur Kiev\" class=\"internal_link\" rel=\"nofollow noopener\" target=\"_blank\">faisant au moins 17 morts, dont quatre enfants<\/a>. Des immeubles d&rsquo;habitations ont \u00e9t\u00e9 \u00e9ventr\u00e9s en plein coeur de Kiev et les locaux de la d\u00e9l\u00e9gation de l&rsquo;Union europ\u00e9enne ont \u00e9t\u00e9 touch\u00e9s.<\/p>\n<p>De quoi d\u00e9clencher une pluie de r\u00e9actions de la part des dirigeants europ\u00e9ens. Ils d\u00e9noncent <a href=\"https:\/\/www.bfmtv.com\/international\/asie\/russie\/emmanuel-macron-denonce-la-terreur-et-la-barbarie-de-la-russie-apres-l-attaque-sur-kiev_AN-202508280397.html\" title=\"Emmanuel Macron d\u00e9nonce la &quot;terreur&quot; et la &quot;barbarie&quot; de la Russie apr\u00e8s l&#039;attaque sur Kiev\" class=\"internal_link\" rel=\"nofollow noopener\" target=\"_blank\">selon les mots d&rsquo;Emmanuel Macron la \u00ab\u00a0terreur\u00a0\u00bb et \u00ab\u00a0barbarie\u00a0\u00bb<\/a> de la Russie qui tuent des civils mais \u00e9galement la symbolique d&rsquo;une telle attaque sur un b\u00e2timent diplomatique.<\/p>\n<p>\u00ab\u00a0L&rsquo;UE ne se laissera pas intimider. L&rsquo;agression russe ne fait que renforcer notre d\u00e9termination \u00e0 soutenir l&rsquo;Ukraine et son peuple\u00a0\u00bb, a r\u00e9agi <a href=\"https:\/\/x.com\/eucopresident\/status\/1960954861467435341\" target=\"_blank\" class=\"external_link\" rel=\"nofollow\">le pr\u00e9sident du Conseil europ\u00e9en, Antonio Costa<\/a> se disant \u00ab\u00a0horrifi\u00e9 par une nouvelle nuit d\u2019attaques meurtri\u00e8res de missiles russes sur l\u2019Ukraine\u00a0\u00bb.<\/p>\n<p>La pr\u00e9sidente de la Commission europ\u00e9enne, Ursula Von der Leyen, s&rsquo;est quant \u00e0 elle dit \u00ab\u00a0indign\u00e9e\u00a0\u00bb par l\u2019attaque \u00ab\u00a0qui a tu\u00e9 des hommes, des femmes et des enfants\u00a0\u00bb et qui \u00ab\u00a0porte atteinte \u00e0 (la) mission diplomatique europ\u00e9enne\u00a0\u00bb.<\/p>\n<p>\u00ab\u00a0Aucune mission diplomatique ne devrait \u00eatre prise pour cible\u00a0\u00bb, a d\u00e9clar\u00e9 <a href=\"https:\/\/x.com\/kajakallas\/status\/1961009072276189507\" target=\"_blank\" class=\"external_link\" rel=\"nofollow\">la cheffe de la diplomatie de l&rsquo;UE, Kaja Kallas<\/a>. Quand le chancelier allemand Friedrich Merz a estim\u00e9 que la repr\u00e9sentation de l&rsquo;UE \u00ab\u00a0prise pour cible t\u00e9moigne du fait que le r\u00e9gime russe a de moins en moins de scrupules\u00a0\u00bb. La Russie a \u00ab\u00a0de nouveau montr\u00e9 son vrai visage\u00a0\u00bb, a-t-il d\u00e9plor\u00e9.<\/p>\n<p>\u00ab\u00a0Un message politique\u00a0\u00bb<\/p>\n<p>L&rsquo;arm\u00e9e russe pr\u00e9sente ces frappes contre les b\u00e2timents civils et les locaux de la d\u00e9l\u00e9gation de l&rsquo;UE comme des dommages collat\u00e9raux. Elle affirme avoir seulement cibl\u00e9 les \u00ab\u00a0entreprises du complexe militaro-industriel\u00a0\u00bb.<\/p>\n<p>Pour l&rsquo;ancien ambassadeur de France en Russie, Claude Blanchemaison, contact\u00e9 par BFMTV.com, cette affirmation est \u00ab\u00a0probablement fausse\u00a0\u00bb. \u00ab\u00a0De toute fa\u00e7on, en matraquant les villes ukrainiennes de drones et de missiles, en bombardant des quartiers entiers, la Russie sait qu&rsquo;elle risque de frapper des b\u00e2timents de repr\u00e9sentations diplomatiques\u00a0\u00bb, abonde-t-il.<\/p>\n<p>Le British council, qui promeut une meilleure connaissance du Royaume-Uni et de la langue anglaise et qui est situ\u00e9 \u00e0 proximit\u00e9 des bureaux de la d\u00e9l\u00e9gation de l&rsquo;UE, a \u00e9galement \u00e9t\u00e9 touch\u00e9. \u00ab\u00a0Cela laisse \u00e0 penser que ce n&rsquo;est pas compl\u00e9tement au hasard\u00a0\u00bb, avance Ulrich Bounat, analyste g\u00e9opolitique et chercheur associ\u00e9 au think thank Euro Cr\u00e9ativ.<\/p>\n<p>Ces frappes surviennent alors que <a href=\"https:\/\/www.bfmtv.com\/international\/asie\/russie\/guerre-en-ukraine-la-russie-evoque-un-contact-en-vue-d-une-possible-rencontre-zelensky-poutine-pas-de-date-fixee_AD-202508270461.html\" title=\"Guerre en Ukraine: la Russie \u00e9voque un &quot;contact&quot; en vue d&#039;une possible rencontre Zelensky-Poutine, pas de date fix\u00e9e\" class=\"internal_link\" rel=\"nofollow noopener\" target=\"_blank\">les d\u00e9marches diplomatiques en qu\u00eate d&rsquo;une paix se sont acc\u00e9l\u00e9r\u00e9es<\/a>, sans succ\u00e8s, ces derni\u00e8res semaines sous la houlette de Donald Trump. Les dirigeants europ\u00e9ens se sont aussi particuli\u00e8rement mobilis\u00e9s. Quelques jours apr\u00e8s <a href=\"https:\/\/www.bfmtv.com\/international\/amerique-nord\/etats-unis\/donald-trump\/rencontre-trump-poutine-les-images-marquantes-du-sommet-entre-les-deux-presidents-en-alaska_AN-202508160042.html\" title=\"Rencontre Trump-Poutine: les images marquantes du sommet entre les deux pr\u00e9sidents en Alaska\" class=\"internal_link\" rel=\"nofollow noopener\" target=\"_blank\">le sommet historique entre le pr\u00e9sident am\u00e9ricain et Vladimir Poutine<\/a> en Alaska, une dizaine d&rsquo;entre eux, dont Emmanuel Macron, se sont tenus <a href=\"https:\/\/www.bfmtv.com\/international\/europe\/ukraine\/rencontre-poutine-zelensky-garanties-de-securite-ce-qu-il-faut-retenir-du-sommet-entre-donald-trump-volodymyr-zelensky-et-les-dirigeants-europeens_AN-202508190124.html\" title=\"Rencontre Poutine-Zelensky, garanties de s\u00e9curit\u00e9... Ce qu&#039;il faut retenir du sommet entre Donald Trump, Volodymyr Zelensky et les dirigeants europ\u00e9ens\" class=\"internal_link\" rel=\"nofollow noopener\" target=\"_blank\">aux c\u00f4t\u00e9s de Volodymyr Zelensky \u00e0 Washington<\/a>.<\/p>\n<p><img decoding=\"async\" src=\"https:\/\/www.europesays.com\/fr\/wp-content\/uploads\/2025\/05\/principale-24_1.png\"  alt=\"Une rencontre entre Poutine et Zelensky peut-elle aboutir \u00e0 un accord de paix?\" title=\"Une rencontre entre Poutine et Zelensky peut-elle aboutir \u00e0 un accord de paix?\"\/>Une rencontre entre Poutine et Zelensky peut-elle aboutir \u00e0 un accord de paix?<\/p>\n<p>D&rsquo;intenses tractations sont \u00e9galement en cours parmi les alli\u00e9s de Kiev pour d\u00e9terminer quel type de <a href=\"https:\/\/www.bfmtv.com\/international\/europe\/ukraine\/le-vice-chancelier-allemand-reclame-des-garanties-de-securite-fiables-pour-l-ukraine_AD-202508250206.html\" title=\"Le vice-chancelier allemand r\u00e9clame des &quot;garanties de s\u00e9curit\u00e9 fiables&quot; pour l&#039;Ukraine\" class=\"internal_link\" rel=\"nofollow noopener\" target=\"_blank\">garanties de s\u00e9curit\u00e9<\/a> lui offrir afin de pr\u00e9venir toute nouvelle attaque russe en cas d&rsquo;accord de paix.<\/p>\n<p>Enfin, le chancelier allemand Friedrich Merz, le pr\u00e9sident fran\u00e7ais et le Premier ministre polonais Donald Tusk ont effectu\u00e9 une d\u00e9monstration de force symbolique ce mercredi 27 ao\u00fbt en Moldavie. Ils ont apport\u00e9 leur soutien \u00e0 Chi\u0219in\u0103u en vue de son adh\u00e9sion \u00e0 l&rsquo;Union europ\u00e9enne face aux \u00ab\u00a0mensonges\u00a0\u00bb et aux \u00ab\u00a0ing\u00e9rences\u00a0\u00bb de Moscou, \u00e0 la veille d&rsquo;une campagne \u00e9lectorale cruciale.<\/p>\n<p>Pour le sp\u00e9cialiste Ulrich Bounat, Moscou a ainsi probablement voulu \u00ab\u00a0envoyer un message politique\u00a0\u00bb, montr\u00e9 que \u00ab\u00a0l&rsquo;Europe ne compte pas\u00a0\u00bb. \u00ab\u00a0Le fait que les Europ\u00e9ens essayent de peser sur les discussions, et qu&rsquo;ils veuillent accorder des garanties de s\u00e9curit\u00e9 \u00e0 l&rsquo;Ukraine, pour la Russie, c&rsquo;est non\u00a0\u00bb, analyse-t-il. \u00ab\u00a0La Russie a de toute fa\u00e7on fait son deuil de sa relation actuelle avec l&rsquo;Union europ\u00e9enne\u00a0\u00bb.<\/p>\n<blockquote class=\"embed embed_quote\"><p>\u00ab\u00a0On conna\u00eet le sentiment d&rsquo;hostilit\u00e9 du Kremlin pour l&rsquo;UE\u00a0\u00bb, rench\u00e9rit Claude Blanchemaison, ambassadeur \u00e0 Moscou de 2000 \u00e0 2003.<\/p><\/blockquote>\n<p>\u00ab\u00a0Quoique la Russie fasse, il n&rsquo;y aura pas de cons\u00e9quences\u00a0\u00bb<\/p>\n<p>Plus largement, ces frappes montrent l&rsquo;inflexibilit\u00e9 du Kremlin. Depuis que les n\u00e9gociations se sont accel\u00e9r\u00e9es, <a href=\"https:\/\/www.bfmtv.com\/international\/europe\/ukraine\/on-est-dans-une-impasse-complete-la-perspective-d-un-sommet-poutine-zelensky-s-eloigne-face-a-l-intensification-des-offensives-russes_AN-202508220179.html\" title=\"&quot;On est dans une impasse compl\u00e8te&quot;: la perspective d&#039;un sommet Poutine-Zelensky s&#039;\u00e9loigne face \u00e0 l&#039;intensification des offensives russes\" class=\"internal_link\" rel=\"nofollow noopener\" target=\"_blank\">l&rsquo;arm\u00e9e russe a intensifi\u00e9 ses bombardements<\/a>. La Russie \u00ab\u00a0choisit de continuer \u00e0 tuer et non de mettre fin \u00e0 la guerre\u00a0\u00bb et \u00ab\u00a0n&rsquo;a toujours pas peur de cons\u00e9quences\u00a0\u00bb de ses actes, a lanc\u00e9 le pr\u00e9sident ukrainien Volodymyr Zelensky, parlant de \u00ab\u00a0massacre de civils horrible et d\u00e9lib\u00e9r\u00e9\u00a0\u00bb.<\/p>\n<p>Apr\u00e8s un appel avec Donald Trump, la pr\u00e9sidente de la Commission europ\u00e9enne, Ursula Von der Leyen a exhort\u00e9 Vladimir Poutine \u00e0 \u00ab\u00a0venir \u00e0 la table des n\u00e9gociations\u00a0\u00bb.<\/p>\n<p>Si le porte-parole du Kremlin Dmitri Peskov a assur\u00e9 ce jeudi que la Russie restait \u00ab\u00a0int\u00e9ress\u00e9e\u00a0\u00bb par ces n\u00e9gociations de paix, il a indiqu\u00e9 que l&rsquo;arm\u00e9e continuerait de frapper l&rsquo;Ukraine.<\/p>\n<p>\u00ab\u00a0Ces frappes sur Kiev mettent Donald Trump face \u00e0 son \u00e9chec. Elles sont le reflet que quoique la Russie fasse, il n&rsquo;y aura pas de cons\u00e9quences\u00a0\u00bb, juge Ulrich Bounat. Tout en condamnant les \u00ab\u00a0terribles\u00a0\u00bb frappes russes sur Kiev, l&rsquo;\u00e9missaire sp\u00e9cial de Donald Trump pour l&rsquo;Ukraine, Keith Kellogg, a relev\u00e9 qu&rsquo;elles \u00ab\u00a0menacent la paix que le pr\u00e9sident des \u00c9tats-Unis cherche \u00e0 obtenir\u00a0\u00bb.<\/p>\n<p>Apr\u00e8s la frappe sur le b\u00e2timent diplomatique, l&rsquo;Union europ\u00e9enne et le Royaume-Uni ont respectivement convoqu\u00e9 les ambassadeurs russes \u00e0 Bruxelles et \u00e0 Londres. \u00ab\u00a0Ils ont la volont\u00e9 de montrer que ce n&rsquo;est pas acceptable, mais \u00e7a va \u00eatre compliqu\u00e9 d&rsquo;aller au-del\u00e0\u00a0\u00bb, nous explique l&rsquo;analyste g\u00e9opolitique. \u00ab\u00a0Un 19e paquet de sanctions &#8211; d\u00e9j\u00e0 dans les cartons &#8211; pourrait \u00eatre adopt\u00e9, mais cela aura un impact seulement s&rsquo;ils arrivent \u00e0 arrimer les Am\u00e9ricains, et avec Donald Trump, \u00e7a va \u00eatre compliqu\u00e9\u00a0\u00bb.<\/p>\n","protected":false},"excerpt":{"rendered":"Au cours d&rsquo;une des plus importantes attaques a\u00e9riennes russes contre l&rsquo;Ukraine, Moscou a touch\u00e9 le b\u00e2timent de la&hellip;\n","protected":false},"author":2,"featured_media":350784,"comment_status":"","ping_status":"","sticky":false,"template":"","format":"standard","meta":{"footnotes":""},"categories":[1586],"tags":[11,1777,674,1779,1011,27,12,25,1778,364],"class_list":{"0":"post-350783","1":"post","2":"type-post","3":"status-publish","4":"format-standard","5":"has-post-thumbnail","7":"category-europe","8":"tag-actualites","9":"tag-eu","10":"tag-europe","11":"tag-european-union","12":"tag-fr","13":"tag-france","14":"tag-news","15":"tag-republique-francaise","16":"tag-ue","17":"tag-union-europeenne"},"share_on_mastodon":{"url":"https:\/\/pubeurope.com\/@fr\/115108809717749549","error":""},"_links":{"self":[{"href":"https:\/\/www.europesays.com\/fr\/wp-json\/wp\/v2\/posts\/350783","targetHints":{"allow":["GET"]}}],"collection":[{"href":"https:\/\/www.europesays.com\/fr\/wp-json\/wp\/v2\/posts"}],"about":[{"href":"https:\/\/www.europesays.com\/fr\/wp-json\/wp\/v2\/types\/post"}],"author":[{"embeddable":true,"href":"https:\/\/www.europesays.com\/fr\/wp-json\/wp\/v2\/users\/2"}],"replies":[{"embeddable":true,"href":"https:\/\/www.europesays.com\/fr\/wp-json\/wp\/v2\/comments?post=350783"}],"version-history":[{"count":0,"href":"https:\/\/www.europesays.com\/fr\/wp-json\/wp\/v2\/posts\/350783\/revisions"}],"wp:featuredmedia":[{"embeddable":true,"href":"https:\/\/www.europesays.com\/fr\/wp-json\/wp\/v2\/media\/350784"}],"wp:attachment":[{"href":"https:\/\/www.europesays.com\/fr\/wp-json\/wp\/v2\/media?parent=350783"}],"wp:term":[{"taxonomy":"category","embeddable":true,"href":"https:\/\/www.europesays.com\/fr\/wp-json\/wp\/v2\/categories?post=350783"},{"taxonomy":"post_tag","embeddable":true,"href":"https:\/\/www.europesays.com\/fr\/wp-json\/wp\/v2\/tags?post=350783"}],"curies":[{"name":"wp","href":"https:\/\/api.w.org\/{rel}","templated":true}]}}