{"id":350789,"date":"2025-08-28T22:45:14","date_gmt":"2025-08-28T22:45:14","guid":{"rendered":"https:\/\/www.europesays.com\/fr\/350789\/"},"modified":"2025-08-28T22:45:14","modified_gmt":"2025-08-28T22:45:14","slug":"trail-en-france-avec-le-boom-sur-les-reseaux-sociaux-les-places-sont-prises-dassaut","status":"publish","type":"post","link":"https:\/\/www.europesays.com\/fr\/350789\/","title":{"rendered":"Trail en France: avec le boom sur les r\u00e9seaux sociaux, \u00ables places sont prises d&rsquo;assaut\u00bb"},"content":{"rendered":"<p class=\"t-content__chapo\">\n                                                C\u2019est l\u2019un des \u00e9v\u00e9nements les plus attendus par les passionn\u00e9s de course en montagne\u00a0: l\u2019Ultra Trail du Mont Blanc. Parti de Chamonix le 25 ao\u00fbt, ce rendez-vous annuel r\u00e9unit des milliers de coureurs venus du monde entier, pr\u00eats \u00e0 affronter les sentiers techniques et les pentes vertigineuses des Alpes. Mais le trail, ce n\u2019est pas seulement une course, c\u2019est aussi un v\u00e9ritable engouement : en 2024, la F\u00e9d\u00e9ration fran\u00e7aise d\u2019athl\u00e9tisme a recens\u00e9 plus d\u2019un million d\u2019inscriptions \u00e0 des courses de trail. C\u2019est 18\u00a0% de plus qu\u2019en 2023. Pour \u00eatre pr\u00eats le jour J, l&rsquo;entra\u00eenement est essentiel. Comme pour ces coureurs, d\u00e9butants ou confirm\u00e9s, qui s\u2019entra\u00eenent chaque semaine dans la for\u00eat de Fontainebleau, en r\u00e9gion parisienne.                    <\/p>\n<p><img decoding=\"async\" fetchpriority=\"low\" src=\"https:\/\/www.europesays.com\/fr\/wp-content\/uploads\/2025\/08\/000-36F694K.jpg\"   width=\"1024\" height=\"576\" alt=\"Les concurrents prennent le d\u00e9part de l'Ultra trail du Mont-Blanc \u00e0 chamonix, le 30 ao\u00fbt 2024, sous les applaudissements des spectateurs. (Image d'illustration)\" loading=\"eager\" class=\"a-img \"\/><\/p>\n<p>                Les concurrents prennent le d\u00e9part de l&rsquo;Ultra trail du Mont-Blanc \u00e0 chamonix, le 30 ao\u00fbt 2024, sous les applaudissements des spectateurs. (Image d&rsquo;illustration)                AFP &#8211; EMMANUEL DUNAND            <\/p>\n<p>De notre envoy\u00e9e sp\u00e9ciale \u00e0 Fontainebleau,<\/p>\n<p class=\"a-read-more\">\u00c0 lire aussi<a href=\"https:\/\/www.rfi.fr\/fr\/sports\/20250808-en-france-le-trail-attire-de-plus-en-plus-les-amateurs-de-course-\u00e0-pied\" target=\"_self\" class=\"a-read-more__link\" rel=\"noopener\">En France, le trail attire de plus en plus les amateurs de course \u00e0 pied<\/a><\/p>\n","protected":false},"excerpt":{"rendered":"C\u2019est l\u2019un des \u00e9v\u00e9nements les plus attendus par les passionn\u00e9s de course en montagne\u00a0: l\u2019Ultra Trail du Mont&hellip;\n","protected":false},"author":2,"featured_media":350790,"comment_status":"","ping_status":"","sticky":false,"template":"","format":"standard","meta":{"footnotes":""},"categories":[4],"tags":[11,1011,27,12,5920,25,60],"class_list":{"0":"post-350789","1":"post","2":"type-post","3":"status-publish","4":"format-standard","5":"has-post-thumbnail","7":"category-france","8":"tag-actualites","9":"tag-fr","10":"tag-france","11":"tag-news","12":"tag-reportage-france","13":"tag-republique-francaise","14":"tag-sports"},"share_on_mastodon":{"url":"https:\/\/pubeurope.com\/@fr\/115108821226323005","error":""},"_links":{"self":[{"href":"https:\/\/www.europesays.com\/fr\/wp-json\/wp\/v2\/posts\/350789","targetHints":{"allow":["GET"]}}],"collection":[{"href":"https:\/\/www.europesays.com\/fr\/wp-json\/wp\/v2\/posts"}],"about":[{"href":"https:\/\/www.europesays.com\/fr\/wp-json\/wp\/v2\/types\/post"}],"author":[{"embeddable":true,"href":"https:\/\/www.europesays.com\/fr\/wp-json\/wp\/v2\/users\/2"}],"replies":[{"embeddable":true,"href":"https:\/\/www.europesays.com\/fr\/wp-json\/wp\/v2\/comments?post=350789"}],"version-history":[{"count":0,"href":"https:\/\/www.europesays.com\/fr\/wp-json\/wp\/v2\/posts\/350789\/revisions"}],"wp:featuredmedia":[{"embeddable":true,"href":"https:\/\/www.europesays.com\/fr\/wp-json\/wp\/v2\/media\/350790"}],"wp:attachment":[{"href":"https:\/\/www.europesays.com\/fr\/wp-json\/wp\/v2\/media?parent=350789"}],"wp:term":[{"taxonomy":"category","embeddable":true,"href":"https:\/\/www.europesays.com\/fr\/wp-json\/wp\/v2\/categories?post=350789"},{"taxonomy":"post_tag","embeddable":true,"href":"https:\/\/www.europesays.com\/fr\/wp-json\/wp\/v2\/tags?post=350789"}],"curies":[{"name":"wp","href":"https:\/\/api.w.org\/{rel}","templated":true}]}}