{"id":35079,"date":"2025-04-18T23:00:20","date_gmt":"2025-04-18T23:00:20","guid":{"rendered":"https:\/\/www.europesays.com\/fr\/35079\/"},"modified":"2025-04-18T23:00:20","modified_gmt":"2025-04-18T23:00:20","slug":"avant-van-der-poel-et-pogacar-le-meusien-pierre-etienne-pichon-a-couru-son-paris-roubaix","status":"publish","type":"post","link":"https:\/\/www.europesays.com\/fr\/35079\/","title":{"rendered":"avant Van der Poel et Poga\u010dar, le Meusien Pierre-Etienne Pichon a \u00ab couru \u00bb son Paris-Roubaix"},"content":{"rendered":"<p>Le voil\u00e0 pr\u00eat \u00e0 repartir. Le Barisien Pierre-Etienne Pichon semble bien avoir l\u2019intention de reprendre <a href=\"https:\/\/www.parisroubaixchallenge.com\/fr\" target=\"_blank\" rel=\"noopener\">le d\u00e9part du Paris-Roubaix Challenge<\/a> , l\u2019\u00e9preuve qui permet \u00e0 quelque 6\u00a0000 cyclistes amateurs comme lui de se frotter \u00e0 la r\u00e9alit\u00e9 de cette mythique classique. \u00ab\u00a0J\u2019aimerais m\u2019engager sur les 170\u00a0km\u00a0\u00bb glisse-t-il.<\/p>\n<p>En effet, avec ses copains de sortie v\u00e9lo de l\u2019UCB (Union cycliste barisienne)\u00a0: Thibaut Mathieu, Thierry Mangin-Thro et Damien Martin Nunez, il s\u2019est \u00e9lanc\u00e9, la veille des professionnels et juste avant les f\u00e9minines, le samedi 12\u00a0avril de bon matin, pour les 145\u00a0km du parcours baptis\u00e9 \u00ab\u00a0La mythique\u00a0\u00bb. M\u00eame malade, pas question de renoncer, apr\u00e8s s\u2019\u00eatre engag\u00e9 il y a plusieurs mois.<\/p>\n<p>\u00ab\u00a0On partait de Roubaix pour descendre jusqu\u2019\u00e0 la Tranch\u00e9e de Wallers-Arenberg (ou Trou\u00e9e d\u2019Arenberg)\u00a0\u00bb, le premier des 19 secteurs pav\u00e9s \u00e0 franchir, peut-\u00eatre le plus renomm\u00e9.<\/p>\n<p>\u00ab\u00a0On est balanc\u00e9 de partout\u00a0\u00bb<\/p>\n<p>\u00ab\u00a0\u00c7a&#8230;<\/p>\n","protected":false},"excerpt":{"rendered":"Le voil\u00e0 pr\u00eat \u00e0 repartir. Le Barisien Pierre-Etienne Pichon semble bien avoir l\u2019intention de reprendre le d\u00e9part du&hellip;\n","protected":false},"author":2,"featured_media":35080,"comment_status":"","ping_status":"","sticky":false,"template":"","format":"standard","meta":{"footnotes":""},"categories":[1411],"tags":[3600,3601,1687,1154,207,3602,10174,1011,27,1757,104,60,1631],"class_list":{"0":"post-35079","1":"post","2":"type-post","3":"status-publish","4":"format-standard","5":"has-post-thumbnail","7":"category-cyclisme","8":"tag-bar-le-duc","9":"tag-bar-le-duc-ville-55a","10":"tag-culture-loisirs","11":"tag-cycling","12":"tag-cyclisme","13":"tag-edition-bar-le-duc","14":"tag-edition-verdun","15":"tag-fr","16":"tag-france","17":"tag-insolite","18":"tag-societe","19":"tag-sports","20":"tag-vie-associative"},"share_on_mastodon":{"url":"https:\/\/pubeurope.com\/@fr\/114361455323050042","error":""},"_links":{"self":[{"href":"https:\/\/www.europesays.com\/fr\/wp-json\/wp\/v2\/posts\/35079","targetHints":{"allow":["GET"]}}],"collection":[{"href":"https:\/\/www.europesays.com\/fr\/wp-json\/wp\/v2\/posts"}],"about":[{"href":"https:\/\/www.europesays.com\/fr\/wp-json\/wp\/v2\/types\/post"}],"author":[{"embeddable":true,"href":"https:\/\/www.europesays.com\/fr\/wp-json\/wp\/v2\/users\/2"}],"replies":[{"embeddable":true,"href":"https:\/\/www.europesays.com\/fr\/wp-json\/wp\/v2\/comments?post=35079"}],"version-history":[{"count":0,"href":"https:\/\/www.europesays.com\/fr\/wp-json\/wp\/v2\/posts\/35079\/revisions"}],"wp:featuredmedia":[{"embeddable":true,"href":"https:\/\/www.europesays.com\/fr\/wp-json\/wp\/v2\/media\/35080"}],"wp:attachment":[{"href":"https:\/\/www.europesays.com\/fr\/wp-json\/wp\/v2\/media?parent=35079"}],"wp:term":[{"taxonomy":"category","embeddable":true,"href":"https:\/\/www.europesays.com\/fr\/wp-json\/wp\/v2\/categories?post=35079"},{"taxonomy":"post_tag","embeddable":true,"href":"https:\/\/www.europesays.com\/fr\/wp-json\/wp\/v2\/tags?post=35079"}],"curies":[{"name":"wp","href":"https:\/\/api.w.org\/{rel}","templated":true}]}}