{"id":350791,"date":"2025-08-28T22:48:14","date_gmt":"2025-08-28T22:48:14","guid":{"rendered":"https:\/\/www.europesays.com\/fr\/350791\/"},"modified":"2025-08-28T22:48:14","modified_gmt":"2025-08-28T22:48:14","slug":"tu-ne-peux-pas-bien-vivre-si-tu-nas-pas-de-resultats-rappelle-christophe-loustalot-avant-la-reprise-de-la-pro-d2","status":"publish","type":"post","link":"https:\/\/www.europesays.com\/fr\/350791\/","title":{"rendered":"\u00ab\u00a0Tu ne peux pas bien vivre si tu n\u2019as pas de r\u00e9sultats\u00a0\u00bb, rappelle Christophe Loustalot avant la reprise de la Pro D2"},"content":{"rendered":"<p class=\"interview-question\">Il y a plus de trois mois, votre d\u00e9part \u00e9tait officialis\u00e9 ici m\u00eame devant les supporteurs. Qu\u2019est-ce qui vous a convaincu de rempiler\u00a0?<\/p>\n<p class=\"interview-answer\">Le discours des coachs, et notre fin de saison, aussi. On s\u2019est maintenu et, en plus, il y a eu la mani\u00e8re, avec un \u00e9tat d\u2019esprit retrouv\u00e9 sur les deux derniers mois. Mais je n\u2019ai jamais voulu quitter le club non plus, ce n\u2019\u00e9tait pas mon souhait. Les coachs sont revenus vers moi, j\u2019ai eu cette chance-l\u00e0, tout le monde ne l\u2019a pas eue. Je savais que s\u2019ils faisaient un pas vers moi, c\u2019est avec grand plaisir que je continuerais. J\u2019ai pris beaucoup de plaisir, m\u00eame dans la difficult\u00e9, \u00e0 jouer la saison derni\u00e8re.<\/p>\n<p class=\"interview-question\">Avec l\u2019arriv\u00e9e de Lisati Milo-Harris, vous \u00eates d\u00e9sormais quatre au poste de 9, en comptant Nicolas Darquier et Baptiste Canut\u00a0: la concurrence sera rude\u2026<\/p>\n<p class=\"interview-answer\">Lisati a un joli CV, il va faire du bien \u00e0 tout le monde dans un registre diff\u00e9rent. C\u2019est hyper positif, tout le monde va pousser tout le monde \u00e0 progresser constamment. Il y a aussi Ruben Maka (bless\u00e9 au genou, NDLR) sur qui on va compter l\u2019avenir, car c\u2019est un super jeune. Baptiste et Nico, on les conna\u00eet. On va se tirer la bourre, et plus on se tire la bourre, plus le niveau de chacun et le niveau collectif vont s\u2019\u00e9lever. Tant mieux, et tant mieux pour celui qui jouera. Je pense qu\u2019on a quand m\u00eame tous un bon \u00e9tat d\u2019esprit, j\u2019ose esp\u00e9rer que cela se passera bien.<\/p>\n<p class=\"interview-question\">Est-ce votre derni\u00e8re saison, ou la d\u00e9cision n\u2019est-elle pas encore act\u00e9e\u00a0?<\/p>\n<p class=\"interview-answer\">L\u2019ann\u00e9e derni\u00e8re, la d\u00e9cision \u00e9tait prise (par les ex-entra\u00eeneurs Patrick Milhet et St\u00e9phane Prosper). Mais moi, pour \u00eatre tr\u00e8s clair, je n\u2019avais jamais parl\u00e9 de mon avenir. Cette ann\u00e9e, je n\u2019en sais rien. \u00c7a d\u00e9pendra du terrain et de comment je me sens dans le groupe, car les g\u00e9n\u00e9rations changent et les copains partent un par un (sourire). Est-ce qu\u2019il y aura l\u2019envie personnelle, l\u2019envie du staff, des dirigeants\u2026 Il y a plein de facteurs qui rentrent en jeu. Je vais me concentrer sur ce que je peux ma\u00eetriser, et ce que je ne ma\u00eetrise pas, ce ne sera pas bien grave.<\/p>\n<p class=\"interview-question\">De par votre poste et votre long\u00e9vit\u00e9, vous serez un relais pour Romain Mareuil et Cl\u00e9ment Briscadieu.<\/p>\n<p class=\"interview-answer\">S\u2019ils me demandent, ou si je ressens quelque chose, je leur donnerai mon avis avec grand plaisir. Mais c\u2019est un staff qui marche bien, qui \u00e9tait l\u00e0 l\u2019ann\u00e9e derni\u00e8re, qui sait comment on fonctionne. On a fonctionn\u00e9 en toute transparence en fin de saison derni\u00e8re et cela s\u2019est plut\u00f4t bien pass\u00e9. On sera tous responsables des r\u00e9sultats. On va essayer de faire bloc, de tous fonctionner ensemble et d\u2019apporter notre pierre \u00e0 l\u2019\u00e9difice pour que \u00e7a marche. Mais les coachs ont des avis suffisamment \u00e9clair\u00e9s pour ne pas avoir besoin du mien.<\/p>\n<blockquote><p>\u00ab\u00a0Je n\u2019ai jamais voulu quitter le club non plus, ce n\u2019\u00e9tait pas mon souhait. Les coachs sont revenus vers moi, j\u2019ai eu cette chance-l\u00e0\u00a0\u00bb<\/p><\/blockquote>\n<p class=\"interview-question\">Comment jugez-vous le retour au club de votre ancien partenaire Julien Cabannes, dans ce r\u00f4le de coordinateur sportif\u00a0? Il y a une forme de logique\u00a0?<\/p>\n<p class=\"interview-answer\">Comme je m\u2019entends bien avec lui, je lui avais dit que je n\u2019avais pas compris comment il avait pu quitter le club apr\u00e8s 26\u00a0ans (dont 15 en pro, NDLR). Quand il est parti, je me souviens avoir dit que cela mettrait un grand coup dans le groupe. Je ne m\u2019\u00e9tais pas tromp\u00e9, car c\u2019\u00e9tait un peu le poumon de notre \u00e9quipe. Son retour est, pour moi, hyper logique. Quand tu as pass\u00e9 autant de temps dans un club, tu connais tous les rouages, toutes les personnes qui le composent. Ce nouveau poste lui convient tr\u00e8s bien, car c\u2019est quelqu\u2019un de f\u00e9d\u00e9rateur. Il va falloir qu\u2019il trouve sa place et son r\u00f4le, car je sais qu\u2019il a beaucoup de travail, mais il fera les choses du mieux qu\u2019il peut.<\/p>\n<p>    Sur le m\u00eame sujet<\/p>\n<p>                        <a href=\"https:\/\/www.sudouest.fr\/sport\/rugby\/stade-montois\/la-reprise-en-pro-d2-la-fin-du-miracle-sportif-montois-25658567.php\" title=\"La reprise en Pro D2. La fin du \u00ab\u00a0miracle sportif\u00a0\u00bb montois\u00a0?\" rel=\"nofollow noopener\" target=\"_blank\"><br \/>\n                            <img decoding=\"async\" src=\"https:\/\/www.europesays.com\/fr\/wp-content\/uploads\/2025\/08\/1756421294_537_20250821224534-dsf536.jpg\" alt=\"La reprise en Pro D2. La fin du \u00ab\u00a0miracle sportif\u00a0\u00bb montois\u00a0?\"\/><br \/>\n                        <\/a><\/p>\n<p>                    <a href=\"https:\/\/www.sudouest.fr\/sport\/rugby\/stade-montois\/la-reprise-en-pro-d2-la-fin-du-miracle-sportif-montois-25658567.php\" title=\"La reprise en Pro D2. La fin du \u00ab\u00a0miracle sportif\u00a0\u00bb montois\u00a0?\" rel=\"nofollow noopener\" target=\"_blank\"><\/p>\n<p>\n                            La reprise en Pro D2. La fin du \u00ab\u00a0miracle sportif\u00a0\u00bb montois\u00a0?\n                        <\/p>\n<p>                    <\/a><\/p>\n<p>\n                        De la premi\u00e8re\u2026 \u00e0 la 13e place de Pro D2\u00a0: en trois saisons, le Stade Montois est pass\u00e9 d\u2019un statut de pr\u00e9tendant s\u00e9rieux au top\u00a06 \u00e0 celui d\u2019un candidat au maintien. Dans un championnat toujours plus concurrentiel, il reste contraint par ses limites \u00e9conomiques\n                    <\/p>\n<p class=\"interview-question\">Comment jugez-vous la pr\u00e9paration et ces deux d\u00e9faites contre Colomiers (34-36) et Dax (26-31)\u00a0?<\/p>\n<p class=\"interview-answer\">Elle a chang\u00e9 par rapport aux autres ann\u00e9es, mais elle est toujours aussi difficile (sourire). Il y a eu un bon \u00e9tat d\u2019esprit dans le groupe, on s\u2019est bien entra\u00een\u00e9 et on n\u2019a pas eu trop de p\u00e9pins physiques. En match, ce n\u2019\u00e9tait pas incoh\u00e9rent. Ce qui est bien, c\u2019est que toutes les erreurs que l\u2019on a faites, on les a toutes pay\u00e9es cash. C\u2019\u00e9tait d\u00e9j\u00e0 ce qui nous arrivait l\u2019an pass\u00e9 et j\u2019esp\u00e8re que l\u2019on va en tenir en compte. Est-ce qu\u2019on est pr\u00eat\u00a0? Je ne sais pas quelle \u00e9quipe de Pro D2 est pr\u00eate apr\u00e8s deux mois de pr\u00e9pa et deux matchs amicaux. Celle qui fera le moins d\u2019erreurs \u00e0 la J1 gagnera le match. J\u2019esp\u00e8re qu\u2019on aura appris de nos erreurs et qu\u2019on montrera un bon \u00e9tat d\u2019esprit. Tout le monde r\u00e9p\u00e8te \u00e7a, tout le monde en a un bon, d\u2019\u00e9tat d\u2019esprit. Mais j\u2019ai envie de dire que ce sont les r\u00e9sultats qui le feront\u2026<\/p>\n<p class=\"interview-question\">L\u2019objectif, c\u2019est de faire mieux que la 13e place\u00a0?<\/p>\n<p class=\"interview-answer\">Oui, faire mieux, et surtout \u00eatre plus r\u00e9gulier. Mais on n\u2019a pas vraiment parl\u00e9 d\u2019objectif, on va avancer pas \u00e0 pas. On va essayer de se voir ni plus beau ni plus faible que les autres. Le groupe vivra bien s\u2019il y a des r\u00e9sultats\u00a0: tu ne peux pas bien vivre si tu n\u2019en as pas. Les gens veulent que l\u2019on joue bien, moi je veux surtout que l\u2019on gagne. Le premier bloc est costaud, mais j\u2019ai envie que l\u2019on montre notre visage des deux, trois derni\u00e8res r\u00e9ceptions de la saison derni\u00e8re. J\u2019esp\u00e8re que l\u2019on va retrouver ce niveau-l\u00e0.<\/p>\n<p class=\"interview-question\">Est-ce que vous ressentez d\u00e9j\u00e0 cette pression du r\u00e9sultat\u00a0avant la r\u00e9ception de Colomiers, vendredi soir\u00a0?<\/p>\n<p class=\"interview-answer\">Oui. En tout cas, il faut se la mettre. L\u2019an dernier, j\u2019ai la sensation que l\u2019on n\u2019a \u00e9t\u00e9 bon que lorsque nous \u00e9tions sous pression. L\u2019an dernier, on gagne 16-5 \u00e0 la mi-temps contre Colomiers, on se rel\u00e2che et on perd le match (16-18, d\u00e9j\u00e0 lors de la premi\u00e8re journ\u00e9e \u00e0 Boniface, NDLR). Cela ne peut pas arriver quand on voit la saison que cela a donn\u00e9 derri\u00e8re. On est pr\u00e9venu, cela fait deux ans que l\u2019on perd les trois premi\u00e8res journ\u00e9es. Si on tombe sur meilleur, il n\u2019y a pas de souci, on ne pourra rien dire. Mais par contre, si on fait un bon match, il faut juste penser \u00e0 le gagner, avoir cet esprit de vainqueur. Il faut attaquer ce match sous pression et tout faire pour le gagner.<\/p>\n","protected":false},"excerpt":{"rendered":"Il y a plus de trois mois, votre d\u00e9part \u00e9tait officialis\u00e9 ici m\u00eame devant les supporteurs. Qu\u2019est-ce qui&hellip;\n","protected":false},"author":2,"featured_media":350792,"comment_status":"","ping_status":"","sticky":false,"template":"","format":"standard","meta":{"footnotes":""},"categories":[1416],"tags":[1011,27,479,1468,60],"class_list":{"0":"post-350791","1":"post","2":"type-post","3":"status-publish","4":"format-standard","5":"has-post-thumbnail","7":"category-rugby","8":"tag-fr","9":"tag-france","10":"tag-rugby","11":"tag-rugby-football","12":"tag-sports"},"share_on_mastodon":{"url":"https:\/\/pubeurope.com\/@fr\/115108833119461470","error":""},"_links":{"self":[{"href":"https:\/\/www.europesays.com\/fr\/wp-json\/wp\/v2\/posts\/350791","targetHints":{"allow":["GET"]}}],"collection":[{"href":"https:\/\/www.europesays.com\/fr\/wp-json\/wp\/v2\/posts"}],"about":[{"href":"https:\/\/www.europesays.com\/fr\/wp-json\/wp\/v2\/types\/post"}],"author":[{"embeddable":true,"href":"https:\/\/www.europesays.com\/fr\/wp-json\/wp\/v2\/users\/2"}],"replies":[{"embeddable":true,"href":"https:\/\/www.europesays.com\/fr\/wp-json\/wp\/v2\/comments?post=350791"}],"version-history":[{"count":0,"href":"https:\/\/www.europesays.com\/fr\/wp-json\/wp\/v2\/posts\/350791\/revisions"}],"wp:featuredmedia":[{"embeddable":true,"href":"https:\/\/www.europesays.com\/fr\/wp-json\/wp\/v2\/media\/350792"}],"wp:attachment":[{"href":"https:\/\/www.europesays.com\/fr\/wp-json\/wp\/v2\/media?parent=350791"}],"wp:term":[{"taxonomy":"category","embeddable":true,"href":"https:\/\/www.europesays.com\/fr\/wp-json\/wp\/v2\/categories?post=350791"},{"taxonomy":"post_tag","embeddable":true,"href":"https:\/\/www.europesays.com\/fr\/wp-json\/wp\/v2\/tags?post=350791"}],"curies":[{"name":"wp","href":"https:\/\/api.w.org\/{rel}","templated":true}]}}