{"id":350793,"date":"2025-08-28T22:49:18","date_gmt":"2025-08-28T22:49:18","guid":{"rendered":"https:\/\/www.europesays.com\/fr\/350793\/"},"modified":"2025-08-28T22:49:18","modified_gmt":"2025-08-28T22:49:18","slug":"us-open-rune-elimine-des-le-2e-tour-a-part-sinner-et-alcaraz-seuls-deux-joueurs-peuvent-gagner-le-tournoi","status":"publish","type":"post","link":"https:\/\/www.europesays.com\/fr\/350793\/","title":{"rendered":"US Open > Rune, \u00e9limin\u00e9 d\u00e8s le 2e tour : \u00ab\u00a0\u00c0 part Sinner et Alcaraz, seuls deux joueurs peuvent gagner le tournoi\u00a0\u00bb"},"content":{"rendered":"<p>Dans des propos relay\u00e9s par le m\u00e9dia danois <a href=\"https:\/\/ekstrabladet.dk\/sport\/anden_sport\/tennis\/holger-rune-efter-us-open-exit-han-spillede-vanvittigt-frygtloest\/10924994\" data-wpel-link=\"external\" target=\"_blank\" rel=\"nofollow external noopener\">Ekstra Bladet<\/a> apr\u00e8s sa d\u00e9faite en cinq sets contre Jan\u2010Lennard Struff d\u00e8s le deuxi\u00e8me tour de l\u2019US Open (7\u20136[5], 2\u20136, 6\u20133, 4\u20136, 7\u20135), Holger Rune a partag\u00e9 un avis tranch\u00e9 pour la suite du tournoi.\u00a0<\/p>\n<p><strong>\u00ab\u202fC\u2019est tout simple\u00adment diffi\u00adcile de remporter des tour\u00adnois du Grand Chelem. Il y aura proba\u00adble\u00adment une nouvelle finale entre Jannik Sinner et Carlos Alcaraz. \u00c0 part eux, seuls Novak Djokovic ou Alexander Zverev peuvent l\u2019emporter.\u202f\u00bb<\/strong><\/p>\n<p class=\"post-published-date\" style=\"color: silver; font-size: 75%; text-align: left;\">Publi\u00e9 le jeudi 28 ao\u00fbt 2025 \u00e0 21:44<\/p>\n","protected":false},"excerpt":{"rendered":"Dans des propos relay\u00e9s par le m\u00e9dia danois Ekstra Bladet apr\u00e8s sa d\u00e9faite en cinq sets contre Jan\u2010Lennard&hellip;\n","protected":false},"author":2,"featured_media":350794,"comment_status":"","ping_status":"","sticky":false,"template":"","format":"standard","meta":{"footnotes":""},"categories":[1415],"tags":[1744,105,1011,27,2127,60,1467,4542],"class_list":{"0":"post-350793","1":"post","2":"type-post","3":"status-publish","4":"format-standard","5":"has-post-thumbnail","7":"category-tennis","8":"tag-alcaraz","9":"tag-djokovic","10":"tag-fr","11":"tag-france","12":"tag-sinner","13":"tag-sports","14":"tag-tennis","15":"tag-zverev"},"share_on_mastodon":{"url":"https:\/\/pubeurope.com\/@fr\/115108836963283931","error":""},"_links":{"self":[{"href":"https:\/\/www.europesays.com\/fr\/wp-json\/wp\/v2\/posts\/350793","targetHints":{"allow":["GET"]}}],"collection":[{"href":"https:\/\/www.europesays.com\/fr\/wp-json\/wp\/v2\/posts"}],"about":[{"href":"https:\/\/www.europesays.com\/fr\/wp-json\/wp\/v2\/types\/post"}],"author":[{"embeddable":true,"href":"https:\/\/www.europesays.com\/fr\/wp-json\/wp\/v2\/users\/2"}],"replies":[{"embeddable":true,"href":"https:\/\/www.europesays.com\/fr\/wp-json\/wp\/v2\/comments?post=350793"}],"version-history":[{"count":0,"href":"https:\/\/www.europesays.com\/fr\/wp-json\/wp\/v2\/posts\/350793\/revisions"}],"wp:featuredmedia":[{"embeddable":true,"href":"https:\/\/www.europesays.com\/fr\/wp-json\/wp\/v2\/media\/350794"}],"wp:attachment":[{"href":"https:\/\/www.europesays.com\/fr\/wp-json\/wp\/v2\/media?parent=350793"}],"wp:term":[{"taxonomy":"category","embeddable":true,"href":"https:\/\/www.europesays.com\/fr\/wp-json\/wp\/v2\/categories?post=350793"},{"taxonomy":"post_tag","embeddable":true,"href":"https:\/\/www.europesays.com\/fr\/wp-json\/wp\/v2\/tags?post=350793"}],"curies":[{"name":"wp","href":"https:\/\/api.w.org\/{rel}","templated":true}]}}