{"id":350795,"date":"2025-08-28T22:51:20","date_gmt":"2025-08-28T22:51:20","guid":{"rendered":"https:\/\/www.europesays.com\/fr\/350795\/"},"modified":"2025-08-28T22:51:20","modified_gmt":"2025-08-28T22:51:20","slug":"motogp-excellente-pioche-pour-zarco-malgre-la-presence-despargaro-ils-ne-feront-pas-equipe","status":"publish","type":"post","link":"https:\/\/www.europesays.com\/fr\/350795\/","title":{"rendered":"MotoGP Excellente pioche pour Zarco, malgr\u00e9 la pr\u00e9sence d&rsquo;Espargaro, ils ne feront pas \u00e9quipe !"},"content":{"rendered":"<p>C\u2019est l\u2019excellente nouvelle qui vient d\u2019\u00e9maner de la liste des inscrits publi\u00e9e par la Dorna, sur le prochain Grand-Prix d\u2019Espagne de MotoGP 2025. Alors qu\u2019il devait \u00eatre associ\u00e9 \u00e0 Aleix Espargaro chez LCR, en Hongrie, Johann Zarco \u00e9tait finalement pass\u00e9 \u00e0 c\u00f4t\u00e9 de cette perspective peu r\u00e9jouissante, du fait d\u2019une nouvelle blessure du pilote ib\u00e9rique, encore tomb\u00e9 \u00e0 v\u00e9lo\u2026<\/p>\n<p>MotoGP : Espargaro en Espagne mais pas chez LCR !<\/p>\n<p>Mais le risque le le voir d\u00e9bouler dans le box de l\u2019\u00e9quipe satellite, lors de la prochaine \u00e9preuve, \u00e0 Barcelone, \u00e9tait r\u00e9el. Bien heureusement, <a href=\"https:\/\/lemagsportauto.ouest-france.fr\/tag\/somkiat-chantra\/\" target=\"_blank\" rel=\"noopener\">Somkiat Chantra<\/a>, bless\u00e9 jusqu\u2019ici, sera de retour en Catalogne ! En effet, le Tha\u00eflandais est pos\u00e9 sur la liste des inscrits. N\u00e9anmoins, Aleix Espargaro sera tout de m\u00eame pr\u00e9sent. Car le HRC engagera une wild-card pour lui permettre de rouler chez lui.<\/p>\n<p>Concernant le pilote Fran\u00e7ais, sur une piste qu\u2019il appr\u00e9cie et qui convient davantage \u00e0 son pilotage que les derniers circuits parcourus, il cherchera surtout \u00e0 retrouver sa confiance et \u00e0 reprendre le fil d\u2019une saison, perdu il y a plusieurs semaines, d\u00e9j\u00e0. En esp\u00e9rant que cette situation assez inacceptable qu\u2019il vit chez Honda, qui tarde \u00e0 d\u00e9cider de son sort, ne le perturbera plus. Lequel ayant d\u00e9j\u00e0 d\u00e9clar\u00e9 qu\u2019il manquait de concentration, en raison de cette ind\u00e9cision du constructeur japonais. Qui semble ne pas le consid\u00e9rer \u00e0 la hauteur de ses r\u00e9sultats\u2026<\/p>\n<\/p>\n<p>Article publi\u00e9 le 28\/08\/2025 \u00e0 17h21<\/p>\n","protected":false},"excerpt":{"rendered":"C\u2019est l\u2019excellente nouvelle qui vient d\u2019\u00e9maner de la liste des inscrits publi\u00e9e par la Dorna, sur le prochain&hellip;\n","protected":false},"author":2,"featured_media":350796,"comment_status":"","ping_status":"","sticky":false,"template":"","format":"standard","meta":{"footnotes":""},"categories":[1413],"tags":[1011,27,1741,1457,1456,1458,16689,60],"class_list":{"0":"post-350795","1":"post","2":"type-post","3":"status-publish","4":"format-standard","5":"has-post-thumbnail","7":"category-moto","8":"tag-fr","9":"tag-france","10":"tag-johann-zarco","11":"tag-moto","12":"tag-motocycle","13":"tag-motogp","14":"tag-somkiat-chantra","15":"tag-sports"},"share_on_mastodon":{"url":"https:\/\/pubeurope.com\/@fr\/115108844901110642","error":""},"_links":{"self":[{"href":"https:\/\/www.europesays.com\/fr\/wp-json\/wp\/v2\/posts\/350795","targetHints":{"allow":["GET"]}}],"collection":[{"href":"https:\/\/www.europesays.com\/fr\/wp-json\/wp\/v2\/posts"}],"about":[{"href":"https:\/\/www.europesays.com\/fr\/wp-json\/wp\/v2\/types\/post"}],"author":[{"embeddable":true,"href":"https:\/\/www.europesays.com\/fr\/wp-json\/wp\/v2\/users\/2"}],"replies":[{"embeddable":true,"href":"https:\/\/www.europesays.com\/fr\/wp-json\/wp\/v2\/comments?post=350795"}],"version-history":[{"count":0,"href":"https:\/\/www.europesays.com\/fr\/wp-json\/wp\/v2\/posts\/350795\/revisions"}],"wp:featuredmedia":[{"embeddable":true,"href":"https:\/\/www.europesays.com\/fr\/wp-json\/wp\/v2\/media\/350796"}],"wp:attachment":[{"href":"https:\/\/www.europesays.com\/fr\/wp-json\/wp\/v2\/media?parent=350795"}],"wp:term":[{"taxonomy":"category","embeddable":true,"href":"https:\/\/www.europesays.com\/fr\/wp-json\/wp\/v2\/categories?post=350795"},{"taxonomy":"post_tag","embeddable":true,"href":"https:\/\/www.europesays.com\/fr\/wp-json\/wp\/v2\/tags?post=350795"}],"curies":[{"name":"wp","href":"https:\/\/api.w.org\/{rel}","templated":true}]}}