{"id":350797,"date":"2025-08-28T22:52:27","date_gmt":"2025-08-28T22:52:27","guid":{"rendered":"https:\/\/www.europesays.com\/fr\/350797\/"},"modified":"2025-08-28T22:52:27","modified_gmt":"2025-08-28T22:52:27","slug":"marine-favre-decloux-une-ingenieure-mosellane-en-formule-1","status":"publish","type":"post","link":"https:\/\/www.europesays.com\/fr\/350797\/","title":{"rendered":"Marine Favre-Decloux, une ing\u00e9nieure mosellane en Formule 1"},"content":{"rendered":"<p>Elle est mosellane, a 35 ans et plusieurs titres mondiaux de Formule 1 sont inscrits en lettres d\u2019or sur son CV. Elle\u00a0? C\u2019est Marine Favre-Decloux. Originaire de Montigny-l\u00e8s-Metz, cette ing\u00e9nieure au sein de l\u2019\u00e9curie Mercedes d\u00e9veloppe des composites pour les ailerons arri\u00e8re <a href=\"https:\/\/www.mercedesamgf1.com\/\" target=\"_blank\" rel=\"noopener\">des monoplaces pilot\u00e9es par George Russell et Kimi Antonelli<\/a>. Une trajectoire remarquable qu\u2019elle n\u2019imaginait pas forc\u00e9ment au tout d\u00e9but du film.<\/p>\n<p>Rembobinons. Enfant, Marine ne s\u2019int\u00e9resse pas sp\u00e9cialement \u00e0 la course automobile, pas plus qu\u2019\u00e0 la marque \u00e0 l\u2019\u00e9toile. Ce qui l\u2019intrigue, c\u2019est la m\u00e9canique. \u00ab\u00a0J\u2019ai toujours aim\u00e9 savoir comment les choses fonctionnaient, comprendre ce qu\u2019il y avait \u00e0 l\u2019int\u00e9rieur d\u2019un moteur d\u2019une voiture, des feux tricolores\u2026\u00a0\u00bb, se souvient-elle. Scolaris\u00e9e au coll\u00e8ge Jean-XXIII puis au lyc\u00e9e George de la Tour, \u00e0 Metz, l\u2019\u00e9tudiante encha\u00eene par trois ann\u00e9es de pr\u00e9pa \u00e0 Paris puis int\u00e8gre l\u2019Universit\u00e9 de technologie de Belfort-Montb\u00e9lliard et enfin celle de Cranfield, en Angleterre, gr\u00e2ce&#8230;<\/p>\n","protected":false},"excerpt":{"rendered":"Elle est mosellane, a 35 ans et plusieurs titres mondiaux de Formule 1 sont inscrits en lettres d\u2019or&hellip;\n","protected":false},"author":2,"featured_media":350798,"comment_status":"","ping_status":"","sticky":false,"template":"","format":"standard","meta":{"footnotes":""},"categories":[1412],"tags":[1976,5598,1451,107,1701,1452,1453,1454,1455,1011,27,17695,48735,517,1700,1947,60],"class_list":{"0":"post-350797","1":"post","2":"type-post","3":"status-publish","4":"format-standard","5":"has-post-thumbnail","7":"category-f1","8":"tag-auto-moto","9":"tag-edition-metz-et-agglomeration","10":"tag-f1","11":"tag-fil-info","12":"tag-fil-info-sport","13":"tag-formula-1","14":"tag-formula1","15":"tag-formule-1","16":"tag-formule1","17":"tag-fr","18":"tag-france","19":"tag-metz-metropole-57b2","20":"tag-montigny-les-metz","21":"tag-sport","22":"tag-sport-lorrain","23":"tag-sport-national","24":"tag-sports"},"share_on_mastodon":{"url":"https:\/\/pubeurope.com\/@fr\/115108848885818147","error":""},"_links":{"self":[{"href":"https:\/\/www.europesays.com\/fr\/wp-json\/wp\/v2\/posts\/350797","targetHints":{"allow":["GET"]}}],"collection":[{"href":"https:\/\/www.europesays.com\/fr\/wp-json\/wp\/v2\/posts"}],"about":[{"href":"https:\/\/www.europesays.com\/fr\/wp-json\/wp\/v2\/types\/post"}],"author":[{"embeddable":true,"href":"https:\/\/www.europesays.com\/fr\/wp-json\/wp\/v2\/users\/2"}],"replies":[{"embeddable":true,"href":"https:\/\/www.europesays.com\/fr\/wp-json\/wp\/v2\/comments?post=350797"}],"version-history":[{"count":0,"href":"https:\/\/www.europesays.com\/fr\/wp-json\/wp\/v2\/posts\/350797\/revisions"}],"wp:featuredmedia":[{"embeddable":true,"href":"https:\/\/www.europesays.com\/fr\/wp-json\/wp\/v2\/media\/350798"}],"wp:attachment":[{"href":"https:\/\/www.europesays.com\/fr\/wp-json\/wp\/v2\/media?parent=350797"}],"wp:term":[{"taxonomy":"category","embeddable":true,"href":"https:\/\/www.europesays.com\/fr\/wp-json\/wp\/v2\/categories?post=350797"},{"taxonomy":"post_tag","embeddable":true,"href":"https:\/\/www.europesays.com\/fr\/wp-json\/wp\/v2\/tags?post=350797"}],"curies":[{"name":"wp","href":"https:\/\/api.w.org\/{rel}","templated":true}]}}