{"id":350799,"date":"2025-08-28T22:53:09","date_gmt":"2025-08-28T22:53:09","guid":{"rendered":"https:\/\/www.europesays.com\/fr\/350799\/"},"modified":"2025-08-28T22:53:09","modified_gmt":"2025-08-28T22:53:09","slug":"samuel-leroux-totalenergies-remporte-la-3e-etape-du-tour-poitou-charentes-et-prend-la-tete-du-classement-lequipe","status":"publish","type":"post","link":"https:\/\/www.europesays.com\/fr\/350799\/","title":{"rendered":"Samuel Leroux (TotalEnergies) remporte la 3e \u00e9tape du Tour Poitou-Charentes et prend la t\u00eate du classement &#8211; L&#039;\u00c9quipe"},"content":{"rendered":"<ol>\n<li><a href=\"https:\/\/news.google.com\/rss\/articles\/CBMi-AFBVV95cUxQTmJrZEpGRmlnVTRWWlcwYVhGSzl1eFhyZGxFUjE2amZsUlEwX1kwYXBreGZsUXNQR0lPWlpnWDhsX0Z4eWxieHBIYkdwZjFCOUk2d2pSdnFONjVoa3U5YXNjQzhKZGY0Mm9CYmN4bFFjMHR1NGVHd2FkVEE2ckNaTkdQeEZZbjh0UENpOVhwcWlFRkI4MzZadS12VlVtXzZ6aExWYVA0R09qWVdlTjlaYUJzZlhid0o2bUdMQ0pxazE4aUJaeGpNM19sR0hIMEZpNEE5U1dpaS1BRktpU1dJLVFnR0l2OUVVOWxsTVROTDR1MVZLeWdLcw?oc=5\" target=\"_blank\" rel=\"nofollow noopener\">Samuel Leroux (TotalEnergies) remporte la 3e \u00e9tape du Tour Poitou-Charentes et prend la t\u00eate du classement<\/a>&nbsp;&nbsp;L&rsquo;\u00c9quipe<\/li>\n<li><a href=\"https:\/\/news.google.com\/rss\/articles\/CBMivwFBVV95cUxNbjZTbUFTRHRvaWFhcU9ob1FERTJKM1hSektTS2pnbDRjRTZneTZmTlhJOWw1MDZ3dU1oeWZTVzktUnB2ZE1DUGNvSkRQSFlOZ3lVWV9TSlZrODFxdDBieUFDMzVFMWY2VmR3dG90RmdYNHpWU3QzRjVJb2k1QUJ3dW5keUktWHlmbTR4MDZ2eFpGbG5WUktMMS1fZURiY0RhUG9Lc253bnBsbnFvX1dDSW9OY0VVQ1JwQjBVSXp4VdIBvgFBVV95cUxPTTgzT19XYS1YT0RGNnJxb0VXN0tlQkZVMVYxcVk5dTZXeTctMzg0OUY5ODI4REN0S3ZVUVBxV1hwa2Fvazk2dTJzX3ZrY3phYm8zUmEzZS1xNTZqUlhpUG55Q0FTOTJEQjRQTUZtZGUzdWMwYkduUTlqRTNOMmdGeVcyZnc3eDJIWV8xdUdBdVM1eW5hZV9nMVZ0SVpXU0dUZVBXQ21JU2NyUDVLWjBZRG04bklBNHRFOWdhX29n?oc=5\" target=\"_blank\" rel=\"nofollow noopener\">Tour Poitou Charentes : D\u00e9mare n&rsquo;y arrive d\u00e9cid\u00e9ment pas<\/a>&nbsp;&nbsp;Orange Actualit\u00e9s | Sports<\/li>\n<li><a href=\"https:\/\/news.google.com\/rss\/articles\/CBMi6wFBVV95cUxOUzFRM1piZGpoTUtkSklTMTdLdDlreFFRYjRIVnpTNFJSYWxja3ZCa2tEWUQ5S0NleXBTWDZpYzFNNnFrV0ZDeVByY2ZOU2dRaEV0T0dEQWptRVVkVkZlc1RTSTVQUk9FdE9ZYmtXS1kwY2NRdmZta2JSd1M4aHhDSjVQNEJ2RlZ6NFVsQWNrNTNwcVdTdTZBNFBfR3U1V1RVVWlad0hRRndyZDZFTkpZd3FORDlkRGtwMUNwYkcyVnQ3S3NsWHBpWW9MWHdfaTJVR1J2YzcwME1GbEsxcmFaMjFzR0hqbFpHS2JB?oc=5\" target=\"_blank\" rel=\"nofollow noopener\">Tour Poitou-Charentes : un chrono v\u00e9cu de l\u2019int\u00e9rieur, dans la roue du CIC U Nantes et de Ma\u00ebl Gu\u00e9gan<\/a>&nbsp;&nbsp;Charente Libre<\/li>\n<li><a href=\"https:\/\/news.google.com\/rss\/articles\/CBMiiAJBVV95cUxPaThIUzhmdGtWTHVicy1KWjNJVFVELWk1VU9FTjR1ZWtPcmI5Z0dyaUQ4dTRzRHhTYlhjZ0N0RnRiaF9lLTRBZjAwUzh3ekxZSDJlbHFYajE0WVZQdkRjQXRYeHZTODJ6ZkZhZFE2TG9kcGpESTZlLW9sUU1fWkh3SDdYSnhmYTVUaE1RbUpSX1M4WTFLMjJ1cF85UndDWGYzcGR6c19MV0JkZXlOaG1seUpsRW8xcFJqaWo4LUtyYmkteEZ5WmJITFh1eWczSVBNb0trLTBvZHN3UU9JWEFEbGQwZWhRSTFGbXBXZGd5bmpxWUk4d19fVE5qaFRFaEkxUjVIcU9QZzM?oc=5\" target=\"_blank\" rel=\"nofollow noopener\">Cyclisme. V\u00e9los vol\u00e9s et victoire : la folle journ\u00e9e de Samuel Leroux et de Total\u00c9nergies sur le TPC<\/a>&nbsp;&nbsp;Ouest-France<\/li>\n<li><a href=\"https:\/\/news.google.com\/rss\/articles\/CBMi_AFBVV95cUxQeUd5emZ6ZjlTUExERmU5TERES25JYmoxLXZEX1RmZFlpb2dJX2x4cU1kVnBpMmMxZ3BVZzZLdTJEcEc5V0c3NGdFRnd4ZDVWNjdEMThna05oTG1LMWlDeE5QQ2s1R1pYOUsxX3VVTE8ybXdQaDZnMlBKdGt1Sm15OXdTZXdSeGQ2WVFPX2ZFVURvV1Y5Vi1fc2VxQTU1UGlOUEppaUhBYkFlc3R0azdJaHRHZVlGSV9nZlBzQUtobDVLRkFUVHY0T2Q2M013eU8tcV9MTGRENVR1UlV4TVlfcTVka2xMOTRTUHZwbE9RZ194MThEWkx4NjV4MEs?oc=5\" target=\"_blank\" rel=\"nofollow noopener\">Tour Poitou-Charentes. \u00ab\u00a0Tu ne t\u2019arr\u00eates jamais\u00a0\u00bb : \u00e0 Van Rysel Roubaix, les chronos sont intenses pour les m\u00e9caniciens<\/a>&nbsp;&nbsp;lanouvellerepublique.fr<\/li>\n<\/ol>\n","protected":false},"excerpt":{"rendered":"Samuel Leroux (TotalEnergies) remporte la 3e \u00e9tape du Tour Poitou-Charentes et prend la t\u00eate du classement&nbsp;&nbsp;L&rsquo;\u00c9quipe Tour Poitou&hellip;\n","protected":false},"author":2,"featured_media":1445,"comment_status":"","ping_status":"","sticky":false,"template":"","format":"standard","meta":{"footnotes":""},"categories":[1411],"tags":[1154,207,1011,27,60],"class_list":{"0":"post-350799","1":"post","2":"type-post","3":"status-publish","4":"format-standard","5":"has-post-thumbnail","7":"category-cyclisme","8":"tag-cycling","9":"tag-cyclisme","10":"tag-fr","11":"tag-france","12":"tag-sports"},"share_on_mastodon":{"url":"https:\/\/pubeurope.com\/@fr\/115108852848980758","error":""},"_links":{"self":[{"href":"https:\/\/www.europesays.com\/fr\/wp-json\/wp\/v2\/posts\/350799","targetHints":{"allow":["GET"]}}],"collection":[{"href":"https:\/\/www.europesays.com\/fr\/wp-json\/wp\/v2\/posts"}],"about":[{"href":"https:\/\/www.europesays.com\/fr\/wp-json\/wp\/v2\/types\/post"}],"author":[{"embeddable":true,"href":"https:\/\/www.europesays.com\/fr\/wp-json\/wp\/v2\/users\/2"}],"replies":[{"embeddable":true,"href":"https:\/\/www.europesays.com\/fr\/wp-json\/wp\/v2\/comments?post=350799"}],"version-history":[{"count":0,"href":"https:\/\/www.europesays.com\/fr\/wp-json\/wp\/v2\/posts\/350799\/revisions"}],"wp:featuredmedia":[{"embeddable":true,"href":"https:\/\/www.europesays.com\/fr\/wp-json\/wp\/v2\/media\/1445"}],"wp:attachment":[{"href":"https:\/\/www.europesays.com\/fr\/wp-json\/wp\/v2\/media?parent=350799"}],"wp:term":[{"taxonomy":"category","embeddable":true,"href":"https:\/\/www.europesays.com\/fr\/wp-json\/wp\/v2\/categories?post=350799"},{"taxonomy":"post_tag","embeddable":true,"href":"https:\/\/www.europesays.com\/fr\/wp-json\/wp\/v2\/tags?post=350799"}],"curies":[{"name":"wp","href":"https:\/\/api.w.org\/{rel}","templated":true}]}}