{"id":350800,"date":"2025-08-28T22:54:11","date_gmt":"2025-08-28T22:54:11","guid":{"rendered":"https:\/\/www.europesays.com\/fr\/350800\/"},"modified":"2025-08-28T22:54:11","modified_gmt":"2025-08-28T22:54:11","slug":"villarreal-pousse-pour-georges-mikautadze","status":"publish","type":"post","link":"https:\/\/www.europesays.com\/fr\/350800\/","title":{"rendered":"Villarreal pousse pour Georges Mikautadze !"},"content":{"rendered":"<p>La fin de mercato estival s\u2019annonce bouillante du c\u00f4t\u00e9 de l\u2019Olympique Lyonnais. Si Malick Fofana est bien parti pour rester, ce n\u2019est pas le cas de <a href=\"https:\/\/www.footmercato.net\/joueur\/georges-mikautadze\/\" rel=\"nofollow noopener\" target=\"_blank\">Georges Mikautadze<\/a>. <a href=\"https:\/\/www.footmercato.net\/a2120763459950861281-ol-villarreal-prepare-une-grosse-offre-pour-georges-mikautadze\" rel=\"nofollow noopener\" target=\"_blank\">Comme nous vous le r\u00e9v\u00e9lions ces derni\u00e8res heures<\/a>, l\u2019attaquant g\u00e9orgien est, aujourd\u2019hui, courtis\u00e9 par Villarreal. Alors que le Sous-Marin Jaune a perdu plusieurs joueurs importants comme Alex Baena, son attaquant Thierno Barry et va vendre Yeremy Pino \u00e0 Crystal Palace pour une somme pouvant s\u2019approcher des 50 millions d\u2019euros, le profil du buteur rhodanien figure plus que jamais dans la short-list du club espagnol.<\/p>\n<p>            La suite apr\u00e8s cette publicit\u00e9<\/p>\n<p>Selon nos derni\u00e8res informations, Villarreal a ainsi fait une premi\u00e8re offre orale \u00e0 l\u2019OL inf\u00e9rieure \u00e0 30 millions d\u2019euros. Une proposition jug\u00e9e pour l\u2019heure insuffisante puisque l\u2019actuel leader de <a href=\"https:\/\/www.footmercato.net\/france\/ligue-1\/\" rel=\"nofollow noopener\" target=\"_blank\">Ligue 1<\/a> a fix\u00e9 le prix de d\u00e9part de son goleador entre 35 et 40 millions d\u2019euros. Toujours d\u2019apr\u00e8s nos indiscr\u00e9tions, si le joueur est int\u00e9ress\u00e9 par le projet de Villarreal, il ne fait pas d\u2019un d\u00e9part une priorit\u00e9 absolue. Et pour cause. Buteur lors de la premi\u00e8re journ\u00e9e, l\u2019ancien joueur du FC Metz reste attach\u00e9 au club et \u00e0 sa ville de coeur.<\/p>\n<p>            La suite apr\u00e8s cette publicit\u00e9<\/p>\n<p>        R\u00e9union \u00e0 venir entre Villarreal et l\u2019OL<\/p>\n<p>Pour autant, ce dossier bouillant pourrait bien conna\u00eetre une avanc\u00e9e significative dans les prochaines heures puisque Villarreal a pr\u00e9vu de rencontrer, ce vendredi, les dirigeants lyonnais. Alors que l\u2019OL avait d\u00e9clar\u00e9 son attaquant intransf\u00e9rable au d\u00e9but du march\u00e9, repoussant toutes les approches le concernant, la situation financi\u00e8re des Gones pourrait finalement pousser le buteur de 24 ans vers la sortie. Une chose est s\u00fbre, le dernier mot reviendra bien \u00e0 Mikautadze mais un possible d\u00e9part obligerait forc\u00e9ment la formation lyonnaise \u00e0 r\u00e9agir doublement. Tout d\u2019abord pour le remplacer, mais aussi pour apporter un deuxi\u00e8me attaquant dans la rotation \u00e0 Paulo Fonseca.<\/p>\n<p>Ce jeudi, nous vous indiquions \u00e0 ce titre que l\u2019OL avait pris la temp\u00e9rature pour l\u2019attaquant uruguayen Mart\u00edn Satriano, actuellement sous contrat avec le RC Lens jusqu\u2019en juin 2029. Auteur de 7 petites apparitions la saison derni\u00e8re, celui qui avait subi une rupture des ligaments crois\u00e9s a, depuis, retrouv\u00e9 la comp\u00e9tition, mais n\u2019a pas disput\u00e9 la moindre minute avec le club art\u00e9sien depuis le d\u00e9but de saison. Ensuite, l\u2019OL devra penser \u00e0 enr\u00f4ler un nouvel attaquant d\u2019envergure afin de compenser le possible de d\u00e9part de Georges Mikautadze. Pas une mince affaire \u00e0 4 jours de la fin du mercato estival. Voil\u00e0 qui risque de faire cogiter un Matthieu Louis-Jean d\u00e9j\u00e0 bien occup\u00e9 ces derni\u00e8res semaines. <\/p>\n<p>\n    Pub. le 28\/08\/2025 23:02<br \/>\n            &#8211; MAJ le 29\/08\/2025 00:46\n    <\/p>\n","protected":false},"excerpt":{"rendered":"La fin de mercato estival s\u2019annonce bouillante du c\u00f4t\u00e9 de l\u2019Olympique Lyonnais. Si Malick Fofana est bien parti&hellip;\n","protected":false},"author":2,"featured_media":339751,"comment_status":"","ping_status":"","sticky":false,"template":"","format":"standard","meta":{"footnotes":""},"categories":[1410],"tags":[63,1011,27,60],"class_list":{"0":"post-350800","1":"post","2":"type-post","3":"status-publish","4":"format-standard","5":"has-post-thumbnail","7":"category-football","8":"tag-football","9":"tag-fr","10":"tag-france","11":"tag-sports"},"share_on_mastodon":{"url":"https:\/\/pubeurope.com\/@fr\/115108856706514408","error":""},"_links":{"self":[{"href":"https:\/\/www.europesays.com\/fr\/wp-json\/wp\/v2\/posts\/350800","targetHints":{"allow":["GET"]}}],"collection":[{"href":"https:\/\/www.europesays.com\/fr\/wp-json\/wp\/v2\/posts"}],"about":[{"href":"https:\/\/www.europesays.com\/fr\/wp-json\/wp\/v2\/types\/post"}],"author":[{"embeddable":true,"href":"https:\/\/www.europesays.com\/fr\/wp-json\/wp\/v2\/users\/2"}],"replies":[{"embeddable":true,"href":"https:\/\/www.europesays.com\/fr\/wp-json\/wp\/v2\/comments?post=350800"}],"version-history":[{"count":0,"href":"https:\/\/www.europesays.com\/fr\/wp-json\/wp\/v2\/posts\/350800\/revisions"}],"wp:featuredmedia":[{"embeddable":true,"href":"https:\/\/www.europesays.com\/fr\/wp-json\/wp\/v2\/media\/339751"}],"wp:attachment":[{"href":"https:\/\/www.europesays.com\/fr\/wp-json\/wp\/v2\/media?parent=350800"}],"wp:term":[{"taxonomy":"category","embeddable":true,"href":"https:\/\/www.europesays.com\/fr\/wp-json\/wp\/v2\/categories?post=350800"},{"taxonomy":"post_tag","embeddable":true,"href":"https:\/\/www.europesays.com\/fr\/wp-json\/wp\/v2\/tags?post=350800"}],"curies":[{"name":"wp","href":"https:\/\/api.w.org\/{rel}","templated":true}]}}