{"id":350801,"date":"2025-08-28T22:55:19","date_gmt":"2025-08-28T22:55:19","guid":{"rendered":"https:\/\/www.europesays.com\/fr\/350801\/"},"modified":"2025-08-28T22:55:19","modified_gmt":"2025-08-28T22:55:19","slug":"monique-rannou-avec-2-n-la-cheffe-dentreprise-qui-a-donne-son-nom-a-la-celebre-marque-de-charcuterie-monique-ranou-avec-1-seul-n-est-decedee","status":"publish","type":"post","link":"https:\/\/www.europesays.com\/fr\/350801\/","title":{"rendered":"Monique Rannou (avec 2 \u00ab\u00a0n\u00a0\u00bb), la cheffe d\u2019entreprise qui a donn\u00e9 son nom \u00e0 la c\u00e9l\u00e8bre marque de charcuterie Monique Ranou (avec 1 seul \u00ab\u00a0n\u00a0\u00bb), est d\u00e9c\u00e9d\u00e9e"},"content":{"rendered":"<p>Monique Rannou, la cheffe d\u2019entreprise qui a donn\u00e9 son nom \u00e0 la c\u00e9l\u00e8bre marque de charcuterie, est d\u00e9c\u00e9d\u00e9e.\u00a0Il est \u00e0 noter que son nom s&rsquo;\u00e9crit Rannou, avec deux \u00ab\u00a0n\u00a0\u00bb. Mais en 1992, lorsqu&rsquo;elle rejoint le Groupement Mousquetaires, un n dispara\u00eet pour devenir Ranou, un nom bien connu des Fran\u00e7ais.\u00a0<\/p>\n<p>Thierry Cotillard, pr\u00e9sident du Groupement Mousquetaires. Elle avait pris les r\u00eanes de l&rsquo;entreprise familiale de charcuteri, situ\u00e9e \u00e0 Quimper, dans les ann\u00e9es 1960. Elle avait \u00e9t\u00e9 rebaptis\u00e9e Monique Ranou (avec un seul n).\u00a0\u00bbC\u2019est avec tristesse que j&rsquo;ai appris la disparition de Monique Rannou\u00a0\u00bb. C&rsquo;est par ces mots que Thierry Cotillard, pr\u00e9sident du Groupement Mousquetaires, a annonc\u00e9 le d\u00e9c\u00e8s de la cheffe d&rsquo;entreprise bretonne ce 28 ao\u00fbt 2025.<\/p>\n<p>Dans les ann\u00e9es 1960, elle a repris l&rsquo;entreprise familiale, bas\u00e9e \u00e0 Quimper, \u00ab\u00a0et a su imposer son nom et son exigence de qualit\u00e9 dans le paysage de la charcuterie fran\u00e7aise\u00a0\u00bb.<\/p>\n<p>L\u2019usine, qui comporte 558 employ\u00e9s aujourd\u2019hui, porte \u00ab plus de 200 millions de produits fabriqu\u00e9s chaque ann\u00e9e \u00bb, d\u00e9taille Thierry Cotillard dans son communiqu\u00e9.<\/p>\n<p>\u00ab Son h\u00e9ritage continuera de vivre \u00e0 travers chaque produit qui porte son nom \u00bb, lui rend-il hommage pour conclure.<\/p>\n","protected":false},"excerpt":{"rendered":"Monique Rannou, la cheffe d\u2019entreprise qui a donn\u00e9 son nom \u00e0 la c\u00e9l\u00e8bre marque de charcuterie, est d\u00e9c\u00e9d\u00e9e.\u00a0Il&hellip;\n","protected":false},"author":2,"featured_media":350802,"comment_status":"","ping_status":"","sticky":false,"template":"","format":"standard","meta":{"footnotes":""},"categories":[1359],"tags":[48737,58,3349,59,1011,27,48738,48736,973],"class_list":{"0":"post-350801","1":"post","2":"type-post","3":"status-publish","4":"format-standard","5":"has-post-thumbnail","7":"category-people","8":"tag-charcuterie","9":"tag-divertissement","10":"tag-du00e9cu00e8s","11":"tag-entertainment","12":"tag-fr","13":"tag-france","14":"tag-les-mousquetaires","15":"tag-monique-rannou","16":"tag-people"},"share_on_mastodon":{"url":"https:\/\/pubeurope.com\/@fr\/115108860759102206","error":""},"_links":{"self":[{"href":"https:\/\/www.europesays.com\/fr\/wp-json\/wp\/v2\/posts\/350801","targetHints":{"allow":["GET"]}}],"collection":[{"href":"https:\/\/www.europesays.com\/fr\/wp-json\/wp\/v2\/posts"}],"about":[{"href":"https:\/\/www.europesays.com\/fr\/wp-json\/wp\/v2\/types\/post"}],"author":[{"embeddable":true,"href":"https:\/\/www.europesays.com\/fr\/wp-json\/wp\/v2\/users\/2"}],"replies":[{"embeddable":true,"href":"https:\/\/www.europesays.com\/fr\/wp-json\/wp\/v2\/comments?post=350801"}],"version-history":[{"count":0,"href":"https:\/\/www.europesays.com\/fr\/wp-json\/wp\/v2\/posts\/350801\/revisions"}],"wp:featuredmedia":[{"embeddable":true,"href":"https:\/\/www.europesays.com\/fr\/wp-json\/wp\/v2\/media\/350802"}],"wp:attachment":[{"href":"https:\/\/www.europesays.com\/fr\/wp-json\/wp\/v2\/media?parent=350801"}],"wp:term":[{"taxonomy":"category","embeddable":true,"href":"https:\/\/www.europesays.com\/fr\/wp-json\/wp\/v2\/categories?post=350801"},{"taxonomy":"post_tag","embeddable":true,"href":"https:\/\/www.europesays.com\/fr\/wp-json\/wp\/v2\/tags?post=350801"}],"curies":[{"name":"wp","href":"https:\/\/api.w.org\/{rel}","templated":true}]}}