{"id":350803,"date":"2025-08-28T22:56:14","date_gmt":"2025-08-28T22:56:14","guid":{"rendered":"https:\/\/www.europesays.com\/fr\/350803\/"},"modified":"2025-08-28T22:56:14","modified_gmt":"2025-08-28T22:56:14","slug":"benedicte-gady-nommee-directrice-des-musees-des-arts-decoratifs","status":"publish","type":"post","link":"https:\/\/www.europesays.com\/fr\/350803\/","title":{"rendered":"B\u00e9n\u00e9dicte Gady nomm\u00e9e directrice des Mus\u00e9es des Arts D\u00e9coratifs"},"content":{"rendered":"<dl class=\"spip_document_76065 spip_documents spip_documents_left\" style=\"float:left;\" itemprop=\"image\" itemscope=\"\" itemtype=\"http:\/\/schema.org\/ImageObject\">\n<dt>\n\t\t<a href=\"https:\/\/www.latribunedelart.com\/IMG\/jpg\/gady-4.jpg?76065\/5c8238316c68c4ab7d32410456d8a8b0a37a2c355ca6baaf47911c16fb8da742\" title=\"\" type=\"image\/jpeg\" rel=\"nofollow noopener\" target=\"_blank\"><br \/>\n\t\t\t<img loading=\"lazy\" decoding=\"async\" src=\"https:\/\/www.europesays.com\/fr\/wp-content\/uploads\/2025\/08\/gady-4-9bc7a.jpg\" width=\"333\" height=\"500\" alt=\"\" itemprop=\"contentUrl\"\/><br \/>\n\t\t<\/a>\n\t<\/dt>\n<dd class=\"crayon document-descriptif-76065 spip_doc_descriptif\" style=\"width:333px;\" itemprop=\"description\">B\u00e9n\u00e9dicte Gady<br class=\"autobr\"\/><br \/>\nPhoto\u00a0: Mus\u00e9e des Arts d\u00e9coratifs\n<\/dd>\n<dd class=\"spip_doc_lien-galerie\">\n\t\t<a href=\"https:\/\/www.latribunedelart.com\/spip.php?page=docbig&amp;id_document=76065&amp;id_article=12841\" rel=\"nofollow noopener\" target=\"_blank\">Voir l\u00b4image dans sa page<\/a>\n\t<\/dd>\n<\/dl>\n<p>28\/8\/25  <strong>&#8211; Nomination &#8211; Paris, Mus\u00e9e des Arts d\u00e9coratifs &#8211;<\/strong> Sa titularisation au poste dont elle assurait l\u2019int\u00e9rim depuis presque un an n\u2019est pas r\u00e9ellement une surprise, tant elle fait l\u2019unanimit\u00e9 des personnes qui travaillent avec elle\u00a0: B\u00e9n\u00e9dicte Gady a \u00e9t\u00e9 nomm\u00e9e directrice des Mus\u00e9es des Arts D\u00e9coratifs, c\u2019est-\u00e0-dire du Mus\u00e9e des Arts D\u00e9coratifs proprement dit et du Mus\u00e9e Nissim de Camondo. Elle avait remplac\u00e9 le 16 octobre 2024 Christine Macel, qui avait fait l\u2019objet d\u2019une enqu\u00eate interne, et qui partira d\u00e9finitivement du mus\u00e9e en octobre (voir la <a href=\"https:\/\/www.latribunedelart.com\/benedicte-gady-nommee-par-interim-a-la-tete-des-musees-des-arts-decoratifs-et-nissim-de-camondo\" class=\"spip_in\" rel=\"nofollow noopener\" target=\"_blank\">br\u00e8ve du 18\/10\/24<\/a>),<\/p>\n<p>Cela fait suite \u00e0 l\u2019\u00e9lection du collectionneur et m\u00e9c\u00e8ne Lionel Sauvage comme pr\u00e9sident des Arts d\u00e9coratifs (voir la <a href=\"https:\/\/www.latribunedelart.com\/lionel-sauvage-nomme-president-des-arts-decoratifs\" rel=\"nofollow noopener\" target=\"_blank\"><\/p>\n<p>Pour avoir acc\u00e8s \u00e0 ce contenu, vous devez vous abonner \u00e0 La Tribune de l\u2019Art. Les avantages et les conditions de cet abonnement, qui vous permettra par ailleurs de soutenir La Tribune de l\u2019Art, sont d\u00e9crits sur <a href=\"https:\/\/www.latribunedelart.com\/s-abonner\" rel=\"nofollow noopener\" target=\"_blank\">la page d\u2019abonnement<\/a>.<\/p>\n","protected":false},"excerpt":{"rendered":"B\u00e9n\u00e9dicte Gady Photo\u00a0: Mus\u00e9e des Arts d\u00e9coratifs Voir l\u00b4image dans sa page 28\/8\/25 &#8211; Nomination &#8211; Paris, Mus\u00e9e&hellip;\n","protected":false},"author":2,"featured_media":350804,"comment_status":"","ping_status":"","sticky":false,"template":"","format":"standard","meta":{"footnotes":""},"categories":[1358],"tags":[1348,1384,1385,1386,58,59,1011,27],"class_list":{"0":"post-350803","1":"post","2":"type-post","3":"status-publish","4":"format-standard","5":"has-post-thumbnail","7":"category-arts-et-design","8":"tag-arts","9":"tag-arts-and-design","10":"tag-arts-et-design","11":"tag-design","12":"tag-divertissement","13":"tag-entertainment","14":"tag-fr","15":"tag-france"},"share_on_mastodon":{"url":"https:\/\/pubeurope.com\/@fr\/115108864583225060","error":""},"_links":{"self":[{"href":"https:\/\/www.europesays.com\/fr\/wp-json\/wp\/v2\/posts\/350803","targetHints":{"allow":["GET"]}}],"collection":[{"href":"https:\/\/www.europesays.com\/fr\/wp-json\/wp\/v2\/posts"}],"about":[{"href":"https:\/\/www.europesays.com\/fr\/wp-json\/wp\/v2\/types\/post"}],"author":[{"embeddable":true,"href":"https:\/\/www.europesays.com\/fr\/wp-json\/wp\/v2\/users\/2"}],"replies":[{"embeddable":true,"href":"https:\/\/www.europesays.com\/fr\/wp-json\/wp\/v2\/comments?post=350803"}],"version-history":[{"count":0,"href":"https:\/\/www.europesays.com\/fr\/wp-json\/wp\/v2\/posts\/350803\/revisions"}],"wp:featuredmedia":[{"embeddable":true,"href":"https:\/\/www.europesays.com\/fr\/wp-json\/wp\/v2\/media\/350804"}],"wp:attachment":[{"href":"https:\/\/www.europesays.com\/fr\/wp-json\/wp\/v2\/media?parent=350803"}],"wp:term":[{"taxonomy":"category","embeddable":true,"href":"https:\/\/www.europesays.com\/fr\/wp-json\/wp\/v2\/categories?post=350803"},{"taxonomy":"post_tag","embeddable":true,"href":"https:\/\/www.europesays.com\/fr\/wp-json\/wp\/v2\/tags?post=350803"}],"curies":[{"name":"wp","href":"https:\/\/api.w.org\/{rel}","templated":true}]}}