{"id":350805,"date":"2025-08-28T22:57:11","date_gmt":"2025-08-28T22:57:11","guid":{"rendered":"https:\/\/www.europesays.com\/fr\/350805\/"},"modified":"2025-08-28T22:57:11","modified_gmt":"2025-08-28T22:57:11","slug":"salon-des-auteurs-locaux-une-1re-edition-reussie-a-leucate","status":"publish","type":"post","link":"https:\/\/www.europesays.com\/fr\/350805\/","title":{"rendered":"Salon des auteurs locaux : une 1re \u00e9dition r\u00e9ussie \u00e0 Leucate"},"content":{"rendered":"<p>C\u2019est un bel \u00e9v\u00e9nement litt\u00e9raire qui a vu le jour, en cette p\u00e9riode estivale dans le cadre feutr\u00e9 de la librairie Chez les libreurs, situ\u00e9e \u00e0 Leucate Village.<\/p>\n<p>Il s\u2019agissait de la 1re \u00e9dition du Salon des auteurs locaux qui avait pour objectif de promouvoir, le temps d\u2019une apr\u00e8s-midi, la litt\u00e9rature de mani\u00e8re g\u00e9n\u00e9rale, des auteurs locaux mais aussi de permettre aux lecteurs de faire des d\u00e9couvertes litt\u00e9raires et de rencontrer des auteurs souhaitant partager avec eux leurs univers.<\/p>\n<p>Ce salon des auteurs locaux grand public, \u00e9tait organis\u00e9 par la librairie Chez les libreurs, avec le soutien de l\u2019association le Vent dans les pages cr\u00e9e d\u00e9but mai \u00e0 Leucate. Elle a \u00e0 c\u0153ur de promouvoir la culture et la litt\u00e9rature et de mettre en avant et soutenir des auteurs qui sont dans des petites maisons d\u2019\u00e9dition ou en auto\u00e9dition et qui peinent souvent \u00e0 promouvoir leurs livres.<\/p>\n<p>La 1re \u00e9dition de ce salon a r\u00e9uni neuf auteurs locaux habitant la commune et les d\u00e9partements de l\u2019Aude et des Pyr\u00e9n\u00e9es-Orientales, venus pr\u00e9senter leurs livres, faire lecture d\u2019extraits ainsi que des d\u00e9dicaces pour le plus grand plaisir des visiteurs \u00e2g\u00e9s de tous \u00e2ges, qu\u2019ils soient lecteurs assidus ou n\u00e9ophytes.<\/p>\n<p>On ne peut que saluer les organisateurs, Lucie et Olivier de la librairie Chez les libreurs et Susan Severson, pr\u00e9sidente de l\u2019association le Vent dans les pages, pour cette belle initiative et ce moment d\u2019\u00e9changes et de partage. Le salon a \u00e9t\u00e9 l\u2019occasion de c\u00e9l\u00e9brer la lecture tous ensemble et l\u2019ouverture au monde litt\u00e9raire d\u00e8s le plus jeune \u00e2ge, en permettant un r\u00e9el \u00e9change et des rencontres entre les auteurs et les lecteurs mais aussi de promouvoir la commune et la beaut\u00e9 de son territoire.<\/p>\n","protected":false},"excerpt":{"rendered":"C\u2019est un bel \u00e9v\u00e9nement litt\u00e9raire qui a vu le jour, en cette p\u00e9riode estivale dans le cadre feutr\u00e9&hellip;\n","protected":false},"author":2,"featured_media":350806,"comment_status":"","ping_status":"","sticky":false,"template":"","format":"standard","meta":{"footnotes":""},"categories":[1357],"tags":[1379,58,59,1011,27,1380],"class_list":{"0":"post-350805","1":"post","2":"type-post","3":"status-publish","4":"format-standard","5":"has-post-thumbnail","7":"category-livres","8":"tag-books","9":"tag-divertissement","10":"tag-entertainment","11":"tag-fr","12":"tag-france","13":"tag-livres"},"share_on_mastodon":{"url":"https:\/\/pubeurope.com\/@fr\/115108868599501899","error":""},"_links":{"self":[{"href":"https:\/\/www.europesays.com\/fr\/wp-json\/wp\/v2\/posts\/350805","targetHints":{"allow":["GET"]}}],"collection":[{"href":"https:\/\/www.europesays.com\/fr\/wp-json\/wp\/v2\/posts"}],"about":[{"href":"https:\/\/www.europesays.com\/fr\/wp-json\/wp\/v2\/types\/post"}],"author":[{"embeddable":true,"href":"https:\/\/www.europesays.com\/fr\/wp-json\/wp\/v2\/users\/2"}],"replies":[{"embeddable":true,"href":"https:\/\/www.europesays.com\/fr\/wp-json\/wp\/v2\/comments?post=350805"}],"version-history":[{"count":0,"href":"https:\/\/www.europesays.com\/fr\/wp-json\/wp\/v2\/posts\/350805\/revisions"}],"wp:featuredmedia":[{"embeddable":true,"href":"https:\/\/www.europesays.com\/fr\/wp-json\/wp\/v2\/media\/350806"}],"wp:attachment":[{"href":"https:\/\/www.europesays.com\/fr\/wp-json\/wp\/v2\/media?parent=350805"}],"wp:term":[{"taxonomy":"category","embeddable":true,"href":"https:\/\/www.europesays.com\/fr\/wp-json\/wp\/v2\/categories?post=350805"},{"taxonomy":"post_tag","embeddable":true,"href":"https:\/\/www.europesays.com\/fr\/wp-json\/wp\/v2\/tags?post=350805"}],"curies":[{"name":"wp","href":"https:\/\/api.w.org\/{rel}","templated":true}]}}