{"id":350807,"date":"2025-08-28T22:58:17","date_gmt":"2025-08-28T22:58:17","guid":{"rendered":"https:\/\/www.europesays.com\/fr\/350807\/"},"modified":"2025-08-28T22:58:17","modified_gmt":"2025-08-28T22:58:17","slug":"qui-a-gagne-la-saison-1-du-jeu-sur-m6","status":"publish","type":"post","link":"https:\/\/www.europesays.com\/fr\/350807\/","title":{"rendered":"Qui a gagn\u00e9 la saison 1 du jeu sur M6 ?"},"content":{"rendered":"<p>Apr\u00e8s quatre semaines d&rsquo;une comp\u00e9tition ac\u00e9r\u00e9e sur M6, lors de laquelle cent candidats se sont affront\u00e9s sur des jeux enfantins avec un seul objectif, ne jamais terminer dernier, 99 \u00e0 battre a trouv\u00e9 son gagnant ! Alors, quel candidat s&rsquo;est vu remettre la somme de 100\u00a0000 euros par les deux animateurs du concept \u00c9ric Antoine et Juju Fitcats ? T\u00e9l\u00e9-Loisirs vous explique tout.<\/p>\n<p>Apr\u00e8s le grand lancement de ce tout nouveau jeu, le 7 ao\u00fbt dernier, M6 diffusait la finale de <a href=\"https:\/\/www.programme-tv.net\/news\/tv\/383225-99-a-battre-date-de-diffusion-juju-fitcats-et-eric-antoine-a-l-animation-concept-toutes-les-infos-sur-le-nouveau-jeu-de-m6\/\" data-api-deeplink=\"teleloisirs:\/\/news\/383225\" target=\"_blank\" rel=\"noopener\">99 \u00e0 battre<\/a>, ce jeudi 28 ao\u00fbt 2025. Pour rappel, ce concept in\u00e9dit pr\u00e9sent\u00e9 par \u00c9ric Antoine et Juju Fitcats a fait s&rsquo;affronter cent candidats sur des \u00e9preuves enfantines \u2013\u00a0lancer un avion en papier, toucher une cible avec un lance-pierre, participer \u00e0 un Chifoumi g\u00e9ant\u00a0\u2013, le tout <a href=\"https:\/\/www.programme-tv.net\/news\/tv\/384763-gilles-veissiere-se-confie-sur-son-role-d-arbitre-dans-99-a-battre-seul-eric-antoine-a-essaye-de-contester-mes-decisions\/\" data-api-deeplink=\"teleloisirs:\/\/news\/384763\" target=\"_blank\" rel=\"noopener\">sous l&rsquo;\u0153il attentif de Gilles Veissi\u00e8re<\/a>, c\u00e9l\u00e8bre arbitre international de football. <b>\u00c0 chaque \u00e9preuve, celui ou celle qui arrive en derni\u00e8re position est \u00e9limin\u00e9 du programme<\/b> \u2013\u00a0<a href=\"https:\/\/www.programme-tv.net\/news\/tv\/385402-exclu-sophie-eliminee-de-99-a-battre-se-confie-sur-le-tournage-eprouvant-mon-fauteuil-roulant-m-a-sauvee\/\" data-api-deeplink=\"teleloisirs:\/\/news\/385402\" target=\"_blank\" rel=\"noopener\">c&rsquo;est ce qui est arriv\u00e9 \u00e0 Sophie<\/a>, candidate amput\u00e9e d&rsquo;une jambe, lors de la deuxi\u00e8me soir\u00e9e de l&rsquo;\u00e9mission\u00a0\u2013, et il voit s&rsquo;envoler sa chance de remporter la somme de 100\u00a0000 euros promis au vainqueur.<\/p>\n<p>                        99 \u00e0 battre : Un candidat \u00e9limin\u00e9 r\u00e9int\u00e9gr\u00e9 dans le jeu avant la finale sur M6 !<\/p>\n<p>Au commencement de cette ultime soir\u00e9e, ce jeudi 28 ao\u00fbt 2025, il ne restait plus que quinze candidats en lice. Ou plut\u00f4t seize ! <b>Thomas, sapeur-pompier au grand c\u0153ur, a pu r\u00e9int\u00e9grer <\/b><b>99 \u00e0 battre<\/b><b> apr\u00e8s son \u00e9limination<\/b> la semaine pass\u00e9e sur M6, en remportant une \u00e9preuve propos\u00e9e \u00e0 tous les candidats ayant tir\u00e9 leur r\u00e9v\u00e9rence. \u00c9ric Antoine et Juju Fitcats ont soumis de nouvelles \u00e9preuves aux participants : couper 15 m\u00e8tres de corde sans avoir de quoi mesurer, d\u00e9gommer trois pancartes \u00e0 l&rsquo;aide d&rsquo;une catapulte, ou encore participer \u00e0 une dict\u00e9e. Jusqu&rsquo;\u00e0 ce qu&rsquo;il n&rsquo;en reste plus que deux : Sarah et Mohamed.<\/p>\n<p>Qui est le gagnant de 99 \u00e0 battre sur M6 ?<\/p>\n<p>L&rsquo;un d&rsquo;eux s&rsquo;appr\u00eate \u00e0 recevoir les 100\u00a0000 euros destin\u00e9s au vainqueur de 99 \u00e0 battre, mais pas sans participer \u00e0 un dernier d\u00e9fi : un jeu de Puissance 4 g\u00e9ant avec des ballons de yoga, que les deux pr\u00e9tendants au titre doivent lancer \u00e0 plusieurs m\u00e8tres de hauteur. Pas de suspense : <b>c&rsquo;est une victoire \u00e0 plate couture de Mohamed<\/b>, jeune ard\u00e9chois de 23 ans, qui est sacr\u00e9 grand gagnant par \u00c9ric Antoine et Juju Fitcats sur M6 !<\/p>\n<p>\u00ab\u00a0Je suis trop content. J&rsquo;ai une sensation dans le c\u0153ur, je n&rsquo;ai jamais ressenti \u00e7a dans ma vie. Je suis trop reconnaissant de tout ce qui m&rsquo;est arriv\u00e9. J&rsquo;ai vraiment essay\u00e9 de me donner \u00e0 fond depuis le d\u00e9but et de montrer aux gens que, quand on a envie de quelque chose, on peut y arriver. <b>Ces 100 000 euros, ils sont pour toute ma famille<\/b>. J&rsquo;esp\u00e8re qu&rsquo;ils sont fiers de moi\u00a0\u00bb, s&rsquo;est r\u00e9joui le cr\u00e9ateur de contenu aux plus de 2 millions d&rsquo;abonn\u00e9s sur TikTok, avant de fondre en larmes.<\/p>\n<p><img decoding=\"async\" src=\"https:\/\/www.europesays.com\/fr\/wp-content\/uploads\/2025\/08\/1756421897_55_thumbnail.jpg\" alt=\"\" data-id=\"\"\/>Mohamed, gagnant de la saison 1 du jeu \u00ab\u00a099 \u00e0 battre\u00a0\u00bb diffus\u00e9 sur M6.\u00a0Capture d&rsquo;\u00e9cran M6                        <\/p>\n","protected":false},"excerpt":{"rendered":"Apr\u00e8s quatre semaines d&rsquo;une comp\u00e9tition ac\u00e9r\u00e9e sur M6, lors de laquelle cent candidats se sont affront\u00e9s sur des&hellip;\n","protected":false},"author":2,"featured_media":350808,"comment_status":"","ping_status":"","sticky":false,"template":"","format":"standard","meta":{"footnotes":""},"categories":[1356],"tags":[48739,244,58,59,1194,1011,27,1760,494,252,1364,1630],"class_list":{"0":"post-350807","1":"post","2":"type-post","3":"status-publish","4":"format-standard","5":"has-post-thumbnail","7":"category-television","8":"tag-99-u00e0-battre","9":"tag-commentaire","10":"tag-divertissement","11":"tag-entertainment","12":"tag-eric-antoine","13":"tag-fr","14":"tag-france","15":"tag-juju-fitcats","16":"tag-m6","17":"tag-television","18":"tag-tv","19":"tag-zapping"},"share_on_mastodon":{"url":"https:\/\/pubeurope.com\/@fr\/115108872501564015","error":""},"_links":{"self":[{"href":"https:\/\/www.europesays.com\/fr\/wp-json\/wp\/v2\/posts\/350807","targetHints":{"allow":["GET"]}}],"collection":[{"href":"https:\/\/www.europesays.com\/fr\/wp-json\/wp\/v2\/posts"}],"about":[{"href":"https:\/\/www.europesays.com\/fr\/wp-json\/wp\/v2\/types\/post"}],"author":[{"embeddable":true,"href":"https:\/\/www.europesays.com\/fr\/wp-json\/wp\/v2\/users\/2"}],"replies":[{"embeddable":true,"href":"https:\/\/www.europesays.com\/fr\/wp-json\/wp\/v2\/comments?post=350807"}],"version-history":[{"count":0,"href":"https:\/\/www.europesays.com\/fr\/wp-json\/wp\/v2\/posts\/350807\/revisions"}],"wp:featuredmedia":[{"embeddable":true,"href":"https:\/\/www.europesays.com\/fr\/wp-json\/wp\/v2\/media\/350808"}],"wp:attachment":[{"href":"https:\/\/www.europesays.com\/fr\/wp-json\/wp\/v2\/media?parent=350807"}],"wp:term":[{"taxonomy":"category","embeddable":true,"href":"https:\/\/www.europesays.com\/fr\/wp-json\/wp\/v2\/categories?post=350807"},{"taxonomy":"post_tag","embeddable":true,"href":"https:\/\/www.europesays.com\/fr\/wp-json\/wp\/v2\/tags?post=350807"}],"curies":[{"name":"wp","href":"https:\/\/api.w.org\/{rel}","templated":true}]}}