{"id":350809,"date":"2025-08-28T22:59:11","date_gmt":"2025-08-28T22:59:11","guid":{"rendered":"https:\/\/www.europesays.com\/fr\/350809\/"},"modified":"2025-08-28T22:59:11","modified_gmt":"2025-08-28T22:59:11","slug":"julien-clerc-son-jeune-fils-leonard-passionne-par-un-milieu-autre-que-la-musique-il-sentoure-des-meilleurs-a-londres-ou-ils-habitent","status":"publish","type":"post","link":"https:\/\/www.europesays.com\/fr\/350809\/","title":{"rendered":"Julien Clerc : Son jeune fils L\u00e9onard passionn\u00e9 par un milieu autre que la musique, il s&rsquo;entoure des meilleurs \u00e0 Londres o\u00f9 ils habitent"},"content":{"rendered":"<p>La suite apr\u00e8s la publicit\u00e9<\/p>\n<p>Dans leur \u00e9dition du jour, celle du 28 ao\u00fbt 2025, nos confr\u00e8res de Paris Match mettent en Une le couple form\u00e9 par<a href=\"https:\/\/www.purepeople.com\/people\/julien-clerc_p152\" rel=\"nofollow noopener\" target=\"_blank\"> Julien Clerc<\/a> et H\u00e9l\u00e8ne Gr\u00e9million. Le chanteur de 77 ans \u00a0et son \u00e9pouse de 48 ans ont pass\u00e9 pour la troisi\u00e8me fois d&rsquo;affil\u00e9e leurs vacances estivales au Japon. C&rsquo;est leur fils <a href=\"https:\/\/www.purepeople.com\/article\/julien-clerc-et-son-fils-leonard-leur-vie-entre-la-meilleure-ville-du-monde-et-paris-cest-extremement-joyeux_a536548\/1\" rel=\"nofollow noopener\" target=\"_blank\">L\u00e9onard<\/a>, 17 ans, qui avait sugg\u00e9r\u00e9 \u00e0 son p\u00e8re, \u00ab\u00a0de mani\u00e8re un peu insistante\u00a0\u00bb, d&rsquo;aller au bout du monde.\u00a0<\/p>\n<p>Auparavant, Julien Clerc emmenait chaque \u00e9t\u00e9 sa famille en Turquie, o\u00f9 il poss\u00e9dait un bateau. Mais la crise sanitaire a tout chang\u00e9, comme le chanteur l&rsquo;a indiqu\u00e9 \u00e0 l&rsquo;hebdomadaire : \u00ab\u00a0J&rsquo;\u00e9tais tranquille, je nageais des heures tous les jours. Et puis le Covid est arriv\u00e9, nous avons moins pu y aller. Donc je me suis r\u00e9solu \u00e0 m&rsquo;en s\u00e9parer.\u00a0\u00bb\u00a0<strong> <\/strong>Apr\u00e8s un \u00e9t\u00e9 pass\u00e9 entre le Pays Basque et la M\u00e9diterran\u00e9e, direction le Japon donc, pour le clan. En 2023, 2024, puis 2025.<\/p>\n<p>\u00ab\u00a0Au programme, Kyoto, Nagoya, les iles du Sud, les plages d\u00e9sertes, le Mus\u00e9e du m\u00e9morial de la paix de Hiroshima, les salons de th\u00e9 priv\u00e9s de Tokyo ou les restaurants peu connus des touristes.\u00a0\u00bb<strong> L&rsquo;occasion ainsi de rappeler que L\u00e9onard est fan de cuisine, et qu&rsquo;il se forme d&rsquo;ailleurs \u00ab\u00a0<\/strong><strong>quand il le peut chez Guy Savoy <\/strong><a href=\"https:\/\/www.purepeople.com\/article\/la-chef-helene-darroze-isabelle-adjani-lui-a-ouvert-les-portes-de-londres_a91996\/1\" rel=\"nofollow noopener\" target=\"_blank\">ou H\u00e9l\u00e8ne Darroze \u00e0 Londres<\/a><strong>, o\u00f9 ils vivent<\/strong><strong>\u00ab\u00a0.\u00a0<\/strong><\/p>\n<p>Julien Clerc et son fils L\u00e9onard tous deux passionn\u00e9s de cuisine<\/p>\n<p><strong>L\u00e9onard s&rsquo;entoure ainsi des meilleurs pour maximiser ses chances de r\u00e9ussir dans ce domaine \u00e0 la fois merveilleux et complexe. Il peut \u00e9galement partager cette passion avec son p\u00e8re, bien que cela semble surprenant. \u00ab\u00a0<\/strong><strong>Les gens ne savent pas que Julien est passionn\u00e9 par la cuisine. Il est lui-m\u00eame un chef exceptionnel. Tel p\u00e8re, tel fils&#8230;<\/strong><strong>\u00ab\u00a0<\/strong>, a confi\u00e9 H\u00e9l\u00e8ne Gr\u00e9million \u00e0 Paris Match. \u00ab\u00a0Depuis toujours, donc, Julien tient les fourneaux. A Londres, c&rsquo;est lui qui fait les courses, pr\u00e9pare le repas, choisit les vins\u00a0\u00bb, ajoute le magazine, \u00e0 qui Julien Clerc a confi\u00e9 ceci : \u00ab\u00a0L&rsquo;alcool ne r\u00e9ussissait pas \u00e0 H\u00e9l\u00e8ne, nous avons d\u00e9cid\u00e9 ensemble d&rsquo;arr\u00eater de boire il y a sept ans. Mais j&rsquo;adore toujours acheter de bonnes bouteilles pour nos amis.\u00a0\u00bb<\/p>\n<p>On peut imaginer que depuis cet entretien, <a href=\"https:\/\/www.purepeople.com\/article\/julien-clerc-in-love-d-helene-rare-apparition-des-amoureux-avec-leur-fils-leonard_a492457\/1\" rel=\"nofollow noopener\" target=\"_blank\">la petite famille<\/a> est rentr\u00e9e en Europe, ou du moins sur le d\u00e9part, afin de pr\u00e9parer la grande rentr\u00e9e.<\/p>\n<p>\u00a0<\/p>\n","protected":false},"excerpt":{"rendered":"La suite apr\u00e8s la publicit\u00e9 Dans leur \u00e9dition du jour, celle du 28 ao\u00fbt 2025, nos confr\u00e8res de&hellip;\n","protected":false},"author":2,"featured_media":350810,"comment_status":"","ping_status":"","sticky":false,"template":"","format":"standard","meta":{"footnotes":""},"categories":[1355],"tags":[58,59,1011,27,1361,873],"class_list":{"0":"post-350809","1":"post","2":"type-post","3":"status-publish","4":"format-standard","5":"has-post-thumbnail","7":"category-musique","8":"tag-divertissement","9":"tag-entertainment","10":"tag-fr","11":"tag-france","12":"tag-music","13":"tag-musique"},"share_on_mastodon":{"url":"https:\/\/pubeurope.com\/@fr\/115108876521417123","error":""},"_links":{"self":[{"href":"https:\/\/www.europesays.com\/fr\/wp-json\/wp\/v2\/posts\/350809","targetHints":{"allow":["GET"]}}],"collection":[{"href":"https:\/\/www.europesays.com\/fr\/wp-json\/wp\/v2\/posts"}],"about":[{"href":"https:\/\/www.europesays.com\/fr\/wp-json\/wp\/v2\/types\/post"}],"author":[{"embeddable":true,"href":"https:\/\/www.europesays.com\/fr\/wp-json\/wp\/v2\/users\/2"}],"replies":[{"embeddable":true,"href":"https:\/\/www.europesays.com\/fr\/wp-json\/wp\/v2\/comments?post=350809"}],"version-history":[{"count":0,"href":"https:\/\/www.europesays.com\/fr\/wp-json\/wp\/v2\/posts\/350809\/revisions"}],"wp:featuredmedia":[{"embeddable":true,"href":"https:\/\/www.europesays.com\/fr\/wp-json\/wp\/v2\/media\/350810"}],"wp:attachment":[{"href":"https:\/\/www.europesays.com\/fr\/wp-json\/wp\/v2\/media?parent=350809"}],"wp:term":[{"taxonomy":"category","embeddable":true,"href":"https:\/\/www.europesays.com\/fr\/wp-json\/wp\/v2\/categories?post=350809"},{"taxonomy":"post_tag","embeddable":true,"href":"https:\/\/www.europesays.com\/fr\/wp-json\/wp\/v2\/tags?post=350809"}],"curies":[{"name":"wp","href":"https:\/\/api.w.org\/{rel}","templated":true}]}}