{"id":350813,"date":"2025-08-28T23:01:12","date_gmt":"2025-08-28T23:01:12","guid":{"rendered":"https:\/\/www.europesays.com\/fr\/350813\/"},"modified":"2025-08-28T23:01:12","modified_gmt":"2025-08-28T23:01:12","slug":"les-scientifiques-ont-peut-etre-enfin-decouvert-ce-qui-declenche-la-maladie","status":"publish","type":"post","link":"https:\/\/www.europesays.com\/fr\/350813\/","title":{"rendered":"les scientifiques ont peut-\u00eatre (enfin) d\u00e9couvert ce qui d\u00e9clenche la maladie"},"content":{"rendered":"<p data-start=\"139\" data-end=\"576\"><strong data-start=\"139\" data-end=\"574\">Depuis des d\u00e9cennies, la <a href=\"https:\/\/sciencepost.fr\/la-proteine-dalzheimer-surprend-les-scientifiques-en-sinvitant-chez-les-bebes-quest-ce-que-cela-signifie\/\" target=\"_blank\" rel=\"noopener nofollow\">maladie<\/a> d\u2019Alzheimer intrigue,<br \/>\nr\u00e9siste aux traitements et d\u00e9fie les chercheurs du monde entier.<br \/>\nMais une \u00e9quipe de la Harvard Medical School vient de r\u00e9v\u00e9ler un<br \/>\n\u00e9l\u00e9ment surprenant : un manque de lithium naturel dans le cerveau<br \/>\npourrait \u00eatre l\u2019un des premiers signes de la maladie \u2013 et m\u00eame un<br \/>\nfacteur d\u00e9clencheur. Cette d\u00e9couverte ouvre des perspectives<br \/>\nin\u00e9dites pour le diagnostic pr\u00e9coce et la pr\u00e9vention.<\/strong><\/p>\n<p>Un acteur discret mais<br \/>\nessentiel<\/p>\n<p data-start=\"617\" data-end=\"950\">Le lithium est surtout connu<br \/>\ncomme m\u00e9dicament psychiatrique, utilis\u00e9 \u00e0 fortes doses pour traiter<br \/>\nles troubles bipolaires ou certaines formes de d\u00e9pression.<br \/>\nPourtant, \u00e0 des concentrations infimes \u2013 bien inf\u00e9rieures \u00e0 celles<br \/>\nutilis\u00e9es en m\u00e9decine \u2013 il jouerait un r\u00f4le vital dans le maintien<br \/>\ndes fonctions c\u00e9r\u00e9brales au fil du temps.<\/p>\n<p data-start=\"952\" data-end=\"1386\">Selon les chercheurs Bruce<br \/>\nYankner et Liviu Aron, le lithium naturel agirait comme un<br \/>\nprotecteur du cerveau, aidant \u00e0 limiter l\u2019inflammation et \u00e0<br \/>\npr\u00e9venir la d\u00e9g\u00e9n\u00e9rescence neuronale li\u00e9e \u00e0 l\u2019\u00e2ge. Leur \u00e9tude,<br \/>\nfruit de dix ann\u00e9es de travaux, s\u2019appuie \u00e0 la fois sur des<br \/>\nexp\u00e9riences chez la souris, des analyses de tissus c\u00e9r\u00e9braux<br \/>\nhumains et des pr\u00e9l\u00e8vements sanguins r\u00e9alis\u00e9s sur des individus \u00e0<br \/>\ndiff\u00e9rents stades de sant\u00e9 cognitive.<\/p>\n<p>Une carence qui pr\u00e9c\u00e8de les<br \/>\nsympt\u00f4mes<\/p>\n<p data-start=\"1432\" data-end=\"1756\">Le constat est frappant : les<br \/>\ncerveaux de personnes atteintes de troubles cognitifs l\u00e9gers \u2013<br \/>\nsouvent consid\u00e9r\u00e9s comme le stade pr\u00e9coce d\u2019Alzheimer \u2013 pr\u00e9sentent<br \/>\ndes niveaux de lithium nettement plus faibles que ceux de personnes<br \/>\nen bonne sant\u00e9. Ce d\u00e9ficit pourrait appara\u00eetre des ann\u00e9es avant les<br \/>\npremiers signes cliniques.<\/p>\n<p data-start=\"1758\" data-end=\"2092\">Plus inqui\u00e9tant encore, cette<br \/>\nbaisse de lithium ne serait pas un simple effet secondaire de la<br \/>\nmaladie, mais un processus actif. Les chercheurs ont montr\u00e9 que les<br \/>\nplaques amylo\u00efdes \u2013 amas de prot\u00e9ines anormales caract\u00e9ristiques<br \/>\nd\u2019Alzheimer \u2013 \u00ab pi\u00e8gent \u00bb le lithium, r\u00e9duisant sa disponibilit\u00e9 au<br \/>\nmoment o\u00f9 il est le plus n\u00e9cessaire.<\/p>\n<p>Un cercle vicieux<br \/>\nd\u00e9l\u00e9t\u00e8re<\/p>\n<p data-start=\"2127\" data-end=\"2431\">Lorsque le lithium est ainsi<br \/>\ncaptur\u00e9, sa capacit\u00e9 \u00e0 prot\u00e9ger les neurones diminue, laissant le<br \/>\nchamp libre \u00e0 l\u2019inflammation et \u00e0 la neurod\u00e9g\u00e9n\u00e9rescence. Ce<br \/>\nph\u00e9nom\u00e8ne cr\u00e9e une boucle d\u2019auto-aggravation : plus la maladie<br \/>\nprogresse, plus le lithium se rar\u00e9fie, et plus les dommages<br \/>\nneuronaux s\u2019acc\u00e9l\u00e8rent.<\/p>\n<p data-start=\"2433\" data-end=\"2625\">Chez la souris, les chercheurs<br \/>\nont reproduit ce processus et observ\u00e9 qu\u2019une diminution du lithium<br \/>\nnaturel entra\u00eenait un d\u00e9clin rapide de la m\u00e9moire et une<br \/>\naggravation des l\u00e9sions c\u00e9r\u00e9brales.<\/p>\n<p>Un espoir th\u00e9rapeutique<br \/>\ninattendu<\/p>\n<p data-start=\"2667\" data-end=\"2907\">La grande avanc\u00e9e de l\u2019\u00e9tude<br \/>\ntient dans l\u2019exp\u00e9rimentation d\u2019un nouveau compos\u00e9 : l\u2019orotate de<br \/>\nlithium. Contrairement aux formes pharmaceutiques classiques, il<br \/>\n\u00e9chappe au \u00ab pi\u00e8ge \u00bb des plaques amylo\u00efdes et reste disponible pour<br \/>\nle cerveau.<\/p>\n<p data-start=\"2909\" data-end=\"3232\">Administr\u00e9 \u00e0 des souris<br \/>\nmod\u00e8les de la maladie d\u2019Alzheimer, ce compos\u00e9 a non seulement<br \/>\nstopp\u00e9 la progression de la pathologie, mais aussi restaur\u00e9 les<br \/>\nfonctions mn\u00e9siques. Le tout, \u00e0 des doses mille fois plus faibles<br \/>\nque celles utilis\u00e9es en psychiatrie, sans effets toxiques observ\u00e9s<br \/>\nsur toute la dur\u00e9e de vie des animaux.<\/p>\n<p><img loading=\"lazy\" data-lazyloaded=\"1\" decoding=\"async\" class=\"size-full wp-image-308116\" src=\"https:\/\/www.europesays.com\/fr\/wp-content\/uploads\/2025\/04\/iStock-1775285950-scaled.jpg\" alt=\"Alzheimer\" width=\"2048\" height=\"1365\"  data-\/><\/p>\n<p class=\"istock-credit\" style=\"text-align:center\">Cr\u00e9dit :<br \/>\niStock<\/p>\n<p>Cr\u00e9dits : Chinnapong\/istockVers un d\u00e9pistage<br \/>\npr\u00e9coce<\/p>\n<p data-start=\"3266\" data-end=\"3549\">Si ces r\u00e9sultats publi\u00e9s dans<br \/>\n<a href=\"https:\/\/doi.org\/10.1038\/s41586-025-09335-x\" target=\"_blank\" rel=\"noopener nofollow\">Nature<\/a> se confirment chez l\u2019Homme, ils<br \/>\npourraient transformer la mani\u00e8re dont on aborde Alzheimer. Mesurer<br \/>\nle taux de lithium naturel dans le sang pourrait devenir un outil<br \/>\nde d\u00e9pistage permettant d\u2019identifier les personnes \u00e0 risque bien<br \/>\navant l\u2019apparition des sympt\u00f4mes.<\/p>\n<p data-start=\"3551\" data-end=\"3920\">Mieux encore, une<br \/>\nsuppl\u00e9mentation ultra-faible en lithium \u2013 adapt\u00e9e \u00e0 chaque individu<br \/>\n\u2013 pourrait retarder, voire pr\u00e9venir, le d\u00e9veloppement de la<br \/>\nmaladie. Les chercheurs soulignent que des \u00e9tudes \u00e9pid\u00e9miologiques<br \/>\navaient d\u00e9j\u00e0 mis en \u00e9vidence un lien entre une eau potable<br \/>\nnaturellement riche en lithium et une pr\u00e9valence plus faible de<br \/>\nd\u00e9mence dans certaines r\u00e9gions.<\/p>\n<p>Prudence avant tout<\/p>\n<p data-start=\"3948\" data-end=\"4226\">Malgr\u00e9 l\u2019enthousiasme suscit\u00e9<br \/>\npar ces d\u00e9couvertes, l\u2019\u00e9quipe de Harvard insiste : il ne faut pas<br \/>\nse pr\u00e9cipiter vers l\u2019autom\u00e9dication. Les essais cliniques sur<br \/>\nl\u2019humain sont encore \u00e0 venir et seront indispensables pour<br \/>\nconfirmer l\u2019efficacit\u00e9 et la s\u00e9curit\u00e9 d\u2019une telle approche.<\/p>\n<p data-start=\"4228\" data-end=\"4477\">D\u2019ici l\u00e0, cette piste de<br \/>\nrecherche apporte un \u00e9clairage in\u00e9dit sur les m\u00e9canismes pr\u00e9coces<br \/>\nd\u2019Alzheimer et rappelle que, parfois, les r\u00e9ponses \u00e0 des \u00e9nigmes<br \/>\nm\u00e9dicales complexes peuvent se cacher dans les d\u00e9tails les plus<br \/>\ndiscrets de notre biologie.<\/p>\n","protected":false},"excerpt":{"rendered":"Depuis des d\u00e9cennies, la maladie d\u2019Alzheimer intrigue, r\u00e9siste aux traitements et d\u00e9fie les chercheurs du monde entier. Mais&hellip;\n","protected":false},"author":2,"featured_media":350814,"comment_status":"","ping_status":"","sticky":false,"template":"","format":"standard","meta":{"footnotes":""},"categories":[10],"tags":[1011,27,72,71],"class_list":{"0":"post-350813","1":"post","2":"type-post","3":"status-publish","4":"format-standard","5":"has-post-thumbnail","7":"category-sante","8":"tag-fr","9":"tag-france","10":"tag-health","11":"tag-sante"},"share_on_mastodon":{"url":"https:\/\/pubeurope.com\/@fr\/115108884355772213","error":""},"_links":{"self":[{"href":"https:\/\/www.europesays.com\/fr\/wp-json\/wp\/v2\/posts\/350813","targetHints":{"allow":["GET"]}}],"collection":[{"href":"https:\/\/www.europesays.com\/fr\/wp-json\/wp\/v2\/posts"}],"about":[{"href":"https:\/\/www.europesays.com\/fr\/wp-json\/wp\/v2\/types\/post"}],"author":[{"embeddable":true,"href":"https:\/\/www.europesays.com\/fr\/wp-json\/wp\/v2\/users\/2"}],"replies":[{"embeddable":true,"href":"https:\/\/www.europesays.com\/fr\/wp-json\/wp\/v2\/comments?post=350813"}],"version-history":[{"count":0,"href":"https:\/\/www.europesays.com\/fr\/wp-json\/wp\/v2\/posts\/350813\/revisions"}],"wp:featuredmedia":[{"embeddable":true,"href":"https:\/\/www.europesays.com\/fr\/wp-json\/wp\/v2\/media\/350814"}],"wp:attachment":[{"href":"https:\/\/www.europesays.com\/fr\/wp-json\/wp\/v2\/media?parent=350813"}],"wp:term":[{"taxonomy":"category","embeddable":true,"href":"https:\/\/www.europesays.com\/fr\/wp-json\/wp\/v2\/categories?post=350813"},{"taxonomy":"post_tag","embeddable":true,"href":"https:\/\/www.europesays.com\/fr\/wp-json\/wp\/v2\/tags?post=350813"}],"curies":[{"name":"wp","href":"https:\/\/api.w.org\/{rel}","templated":true}]}}