{"id":350821,"date":"2025-08-28T23:05:11","date_gmt":"2025-08-28T23:05:11","guid":{"rendered":"https:\/\/www.europesays.com\/fr\/350821\/"},"modified":"2025-08-28T23:05:11","modified_gmt":"2025-08-28T23:05:11","slug":"une-cheffe-dentreprise-visionnaire-monique-rannou-connue-pour-avoir-donne-son-nom-a-la-celebre-marque-de-charcuterie-est-decedee","status":"publish","type":"post","link":"https:\/\/www.europesays.com\/fr\/350821\/","title":{"rendered":"\u00ab\u00a0Une cheffe d\u2019entreprise visionnaire\u00a0\u00bb\u00a0: Monique Rannou, connue pour avoir donn\u00e9 son nom \u00e0 la c\u00e9l\u00e8bre marque de charcuterie, est d\u00e9c\u00e9d\u00e9e"},"content":{"rendered":"<p>\n                                                                Connue du grand public pour avoir donn\u00e9 son nom \u00e0 la gamme de charcuterie du g\u00e9ant Intermarch\u00e9, Monique Rannou est d\u00e9c\u00e9d\u00e9e ce jeudi 28\u00a0ao\u00fbt 2025. Elle avait rejoint le Groupement Mousquetaires en 1992.\n                            <\/p>\n<p>Monique Rannou est d\u00e9c\u00e9d\u00e9e ce jeudi 28\u00a0ao\u00fbt 2025, a annonc\u00e9 Thierry Cotillard, pr\u00e9sident du Groupement Mousquetaires. \u00ab\u00a0Une cheffe d\u2019entreprise visionnaire qui a donn\u00e9 son nom \u00e0 nos produits de charcuterie\u00a0\u00bb, a-t-il soulign\u00e9 <a href=\"https:\/\/fr.linkedin.com\/posts\/thierry-cotillard-214044268_cest-avec-tristesse-que-jai-appris-la-activity-7366788226876882945-g16m?utm_source=li_share&amp;utm_content=feedcontent&amp;utm_medium=g_dt_web&amp;utm_campaign=copy\" target=\"_blank\" rel=\"nofollow noopener\">sur son compte LinkedIn.<\/a><\/p>\n<p>Celle qui, pour beaucoup, n\u2019\u00e9tait qu\u2019un nom sur une gamme de produits Intermarch\u00e9\u00a0\u00ab\u00a0a bel et bien exist\u00e9\u00a0\u00bb, abonde Thierry Cotillard, qui salue une \u00ab\u00a0femme hors du commun, engag\u00e9e, audacieuse et une entrepreneure passionn\u00e9e\u00a0\u00bb.<\/p>\n<p>De Monique Rannou \u00e0 Monique Ranou<\/p>\n<p>C\u2019est dans les ann\u00e9es 1960 que Monique Rannou prend en main l\u2019entreprise familiale bas\u00e9e \u00e0 Quimper. Trente ans plus tard, la voil\u00e0 partie int\u00e9grante du Groupement Mousquetaires. \u00ab\u00a0C\u2019est \u00e0 ce moment-l\u00e0 que Monique Rannou, avec deux \u00ab\u00a0n\u00a0\u00bb \u00e0 l\u2019origine, devient Monique Ranou, avec un seul \u00ab\u00a0n\u00a0\u00bb, et que son nom entre pour de bon dans le c\u0153ur des Fran\u00e7ois\u00a0\u00bb, commente encore Thierry Cotillard.<\/p>\n<p>Ce sont 558 salari\u00e9s qui, ce jeudi, regrettent celle qui a donn\u00e9 son nom \u00e0 leur usine de Saint-\u00c9varzec (Finist\u00e8re). Une usine de laquelle sortent chaque ann\u00e9e plus de <a href=\"https:\/\/www.midilibre.fr\/2024\/10\/17\/la-filiale-agroalimentaire-dintermarche-capitaine-houat-ferme-ses-portes-pres-de-sete-12265281.php\" target=\"_blank\" rel=\"nofollow noopener\">200\u00a0millions de produits<\/a>, d\u2019apr\u00e8s Thierry Cotillard.\u00a0\u00ab\u00a0Son h\u00e9ritage continuera de vivre \u00e0 travers chaque produit qui porte son nom\u00a0\u00bb, conclut Thierry Cotillard.<\/p>\n","protected":false},"excerpt":{"rendered":"Connue du grand public pour avoir donn\u00e9 son nom \u00e0 la gamme de charcuterie du g\u00e9ant Intermarch\u00e9, Monique&hellip;\n","protected":false},"author":2,"featured_media":350822,"comment_status":"","ping_status":"","sticky":false,"template":"","format":"standard","meta":{"footnotes":""},"categories":[6],"tags":[35,33,34,1011,27],"class_list":{"0":"post-350821","1":"post","2":"type-post","3":"status-publish","4":"format-standard","5":"has-post-thumbnail","7":"category-economie","8":"tag-business","9":"tag-economie","10":"tag-economy","11":"tag-fr","12":"tag-france"},"share_on_mastodon":{"url":"https:\/\/pubeurope.com\/@fr\/115108899966107837","error":""},"_links":{"self":[{"href":"https:\/\/www.europesays.com\/fr\/wp-json\/wp\/v2\/posts\/350821","targetHints":{"allow":["GET"]}}],"collection":[{"href":"https:\/\/www.europesays.com\/fr\/wp-json\/wp\/v2\/posts"}],"about":[{"href":"https:\/\/www.europesays.com\/fr\/wp-json\/wp\/v2\/types\/post"}],"author":[{"embeddable":true,"href":"https:\/\/www.europesays.com\/fr\/wp-json\/wp\/v2\/users\/2"}],"replies":[{"embeddable":true,"href":"https:\/\/www.europesays.com\/fr\/wp-json\/wp\/v2\/comments?post=350821"}],"version-history":[{"count":0,"href":"https:\/\/www.europesays.com\/fr\/wp-json\/wp\/v2\/posts\/350821\/revisions"}],"wp:featuredmedia":[{"embeddable":true,"href":"https:\/\/www.europesays.com\/fr\/wp-json\/wp\/v2\/media\/350822"}],"wp:attachment":[{"href":"https:\/\/www.europesays.com\/fr\/wp-json\/wp\/v2\/media?parent=350821"}],"wp:term":[{"taxonomy":"category","embeddable":true,"href":"https:\/\/www.europesays.com\/fr\/wp-json\/wp\/v2\/categories?post=350821"},{"taxonomy":"post_tag","embeddable":true,"href":"https:\/\/www.europesays.com\/fr\/wp-json\/wp\/v2\/tags?post=350821"}],"curies":[{"name":"wp","href":"https:\/\/api.w.org\/{rel}","templated":true}]}}