{"id":350823,"date":"2025-08-28T23:06:09","date_gmt":"2025-08-28T23:06:09","guid":{"rendered":"https:\/\/www.europesays.com\/fr\/350823\/"},"modified":"2025-08-28T23:06:09","modified_gmt":"2025-08-28T23:06:09","slug":"lassaillant-voulait-surtout-tuer-des-enfants-selon-la-police","status":"publish","type":"post","link":"https:\/\/www.europesays.com\/fr\/350823\/","title":{"rendered":"l\u2019assaillant voulait surtout \u00abtuer des enfants\u00bb, selon la police"},"content":{"rendered":"<p>Deux \u00e9coliers d\u2019une \u00e9cole catholique ont \u00e9t\u00e9 tu\u00e9s dans l\u2019attaque de Robin Westman, 23 ans. Des \u00abcentaines de pages\u00bb ont \u00e9t\u00e9 retrouv\u00e9es par les enqu\u00eateurs o\u00f9 \u00e9tait exprim\u00e9e \u00absa haine envers tous les groupes (&#8230;), les personnes noires (&#8230;), les Mexicains (&#8230;), les chr\u00e9tiens (&#8230;), les juifs\u00bb.<\/p>\n<p class=\"fig-paragraph\">L&rsquo;auteur de\u00a0<a href=\"http:\/\/www.lefigaro.fr\/international\/etats-unis-plusieurs-victimes-apres-une-fusillade-dans-une-ecole-du-minnesota-20250827\" data-fig-type=\"NewsFlash\" data-gtm-custom-categorie=\"navigation\" data-gtm-custom-action=\"crossclick\" data-gtm-custom-label=\"Contextuel\" data-gtm-event=\"customEventSPE\" data-fig-domain=\"LEFIGARO\" target=\"_blank\" rel=\"noopener\">l&rsquo;attaque contre une \u00e9glise<\/a>\u00a0de Minneapolis \u00e9tait \u00abobs\u00e9d\u00e9\u00bb par l&rsquo;id\u00e9e de \u00abtuer des enfants\u00bb, ont d\u00e9clar\u00e9 jeudi les autorit\u00e9s, qui continuent d&rsquo;enqu\u00eater sur le mobile de la tuerie. Selon le dernier bilan, deux enfants ont \u00e9t\u00e9 tu\u00e9s par balles et 18 personnes bless\u00e9es, dont 15 enfants, dans cette attaque ayant vis\u00e9 mercredi une \u00e9glise attenante \u00e0 une \u00e9cole catholique dans cette ville du nord des \u00c9tats-Unis. Des dizaines d&rsquo;\u00e9coliers y assistaient \u00e0 une messe, deux jours apr\u00e8s la rentr\u00e9e des classes.<\/p>\n<p class=\"fig-paragraph\">Si le mobile de l&rsquo;attaque reste \u00e0 d\u00e9terminer, cette personne \u00abvoulait, plus que tout, tuer des enfants\u00bb et \u00e9tait \u00abobs\u00e9d\u00e9e\u00bb par cela, a d\u00e9clar\u00e9 \u00e0 la presse Joe Thompson, le procureur de l&rsquo;<a href=\"http:\/\/www.lefigaro.fr\/international\/aux-etats-unis-une-elue-locale-tuee-un-autre-blesse-annonce-le-gouverneur-du-minnesota-20250614\" data-fig-type=\"NewsFlash\" data-gtm-custom-categorie=\"navigation\" data-gtm-custom-action=\"crossclick\" data-gtm-custom-label=\"Contextuel\" data-gtm-event=\"customEventSPE\" data-fig-domain=\"LEFIGARO\" target=\"_blank\" rel=\"noopener\">\u00c9tat du Minnesota<\/a>. Elle s&rsquo;est suicid\u00e9e sur place. Robin Westman, 23 ans, qui avait fr\u00e9quent\u00e9 l&rsquo;\u00e9cole comme \u00e9l\u00e8ve, a \u00e9crit des \u00abcentaines de pages\u00bb retrouv\u00e9es par les enqu\u00eateurs o\u00f9 \u00e9tait exprim\u00e9e \u00absa haine envers tous les groupes (&#8230;), les personnes noires (&#8230;), les Mexicains (&#8230;), les chr\u00e9tiens (&#8230;), les juifs\u00bb, a dit Joe Thompson.<\/p>\n<p>                                    <a class=\"fig-a11y-skip a11y-hidden\" href=\"#fig-a11y-skip-main-inarticle\"><br \/>\n        Passer la publicit\u00e9<br \/>\n    <\/a><\/p>\n<p class=\"fig-paragraph\">Un message appelant \u00e0 tuer le pr\u00e9sident Donald Trump a \u00e9galement \u00e9t\u00e9 retrouv\u00e9. \u00abLe tireur idol\u00e2trait certains des meurtriers les plus tristement c\u00e9l\u00e8bres de l&rsquo;histoire de notre pays\u00bb et d&rsquo;ailleurs, a-t-il ajout\u00e9.<\/p>\n<p>\u00abHaine anticatholiques\u00bb<\/p>\n<p class=\"fig-paragraph\">La police f\u00e9d\u00e9rale am\u00e9ricaine, le FBI, a ouvert une enqu\u00eate pour \u00abacte de terrorisme int\u00e9rieur\u00bb et \u00abcrime motiv\u00e9 par la haine anticatholiques\u00bb. Selon la police, Robin Westman \u00e9tait \u00abn\u00e9 sous le nom de Robert Westman\u00bb. Des documents judiciaires de 2019-2020, consult\u00e9s par l&rsquo;AFP, font \u00e9tat d&rsquo;un changement de pr\u00e9nom, de Robert \u00e0 Robin, de cette personne n\u00e9e de sexe masculin mais s&rsquo;identifiant comme une femme.<\/p>\n<p class=\"fig-paragraph\">Avec plus d&rsquo;armes \u00e0 feu en circulation que d&rsquo;habitants, les \u00c9tats-Unis affichent le taux de mortalit\u00e9 par armes le plus \u00e9lev\u00e9 de tous les pays d\u00e9velopp\u00e9s. Cette ann\u00e9e, au moins 287 tueries ayant fait au moins quatre morts ou bless\u00e9s, ont eu lieu aux \u00c9tats-Unis, selon l&rsquo;ONG Gun Violence Archive.<\/p>\n","protected":false},"excerpt":{"rendered":"Deux \u00e9coliers d\u2019une \u00e9cole catholique ont \u00e9t\u00e9 tu\u00e9s dans l\u2019attaque de Robin Westman, 23 ans. Des \u00abcentaines de&hellip;\n","protected":false},"author":2,"featured_media":350824,"comment_status":"","ping_status":"","sticky":false,"template":"","format":"standard","meta":{"footnotes":""},"categories":[5],"tags":[11,73,1011,27,3832,14,32194,12,28],"class_list":{"0":"post-350823","1":"post","2":"type-post","3":"status-publish","4":"format-standard","5":"has-post-thumbnail","7":"category-international","8":"tag-actualites","9":"tag-etats-unis","10":"tag-fr","11":"tag-france","12":"tag-fusillade","13":"tag-international","14":"tag-minneapolis","15":"tag-news","16":"tag-world"},"share_on_mastodon":{"url":"https:\/\/pubeurope.com\/@fr\/115108904003862664","error":""},"_links":{"self":[{"href":"https:\/\/www.europesays.com\/fr\/wp-json\/wp\/v2\/posts\/350823","targetHints":{"allow":["GET"]}}],"collection":[{"href":"https:\/\/www.europesays.com\/fr\/wp-json\/wp\/v2\/posts"}],"about":[{"href":"https:\/\/www.europesays.com\/fr\/wp-json\/wp\/v2\/types\/post"}],"author":[{"embeddable":true,"href":"https:\/\/www.europesays.com\/fr\/wp-json\/wp\/v2\/users\/2"}],"replies":[{"embeddable":true,"href":"https:\/\/www.europesays.com\/fr\/wp-json\/wp\/v2\/comments?post=350823"}],"version-history":[{"count":0,"href":"https:\/\/www.europesays.com\/fr\/wp-json\/wp\/v2\/posts\/350823\/revisions"}],"wp:featuredmedia":[{"embeddable":true,"href":"https:\/\/www.europesays.com\/fr\/wp-json\/wp\/v2\/media\/350824"}],"wp:attachment":[{"href":"https:\/\/www.europesays.com\/fr\/wp-json\/wp\/v2\/media?parent=350823"}],"wp:term":[{"taxonomy":"category","embeddable":true,"href":"https:\/\/www.europesays.com\/fr\/wp-json\/wp\/v2\/categories?post=350823"},{"taxonomy":"post_tag","embeddable":true,"href":"https:\/\/www.europesays.com\/fr\/wp-json\/wp\/v2\/tags?post=350823"}],"curies":[{"name":"wp","href":"https:\/\/api.w.org\/{rel}","templated":true}]}}