{"id":350825,"date":"2025-08-28T23:07:11","date_gmt":"2025-08-28T23:07:11","guid":{"rendered":"https:\/\/www.europesays.com\/fr\/350825\/"},"modified":"2025-08-28T23:07:11","modified_gmt":"2025-08-28T23:07:11","slug":"des-retards-de-quatre-heures-sur-la-ligne-paris-lyon-apres-un-vol-de-cables","status":"publish","type":"post","link":"https:\/\/www.europesays.com\/fr\/350825\/","title":{"rendered":"Des retards de quatre heures sur la ligne Paris-Lyon apr\u00e8s un vol de c\u00e2bles"},"content":{"rendered":"<p>La liaison ferroviaire la plus fr\u00e9quent\u00e9e de France vit une journ\u00e9e noire. La circulation des <a href=\"https:\/\/www.20minutes.fr\/dossier\/tgv\" target=\"_blank\" class=\"c-link c-link--is-underlined\" rel=\"nofollow noopener\">TGV<\/a> Inoui et Ouigo est fortement perturb\u00e9e ce jeudi sur la ligne \u00e0 grande vitesse Sud-Est, entre <a href=\"https:\/\/www.20minutes.fr\/paris\/\" target=\"_blank\" class=\"c-link c-link--is-underlined\" rel=\"nofollow noopener\">Paris<\/a> et <a href=\"https:\/\/www.20minutes.fr\/lyon\/\" target=\"_blank\" class=\"c-link c-link--is-underlined\" rel=\"nofollow noopener\">Lyon<\/a>, avec des retards pouvant atteindre quatre heures, des suppressions de trains et des dessertes modifi\u00e9es.<\/p>\n<p>Selon <a href=\"https:\/\/www.20minutes.fr\/dossier\/sncf\" target=\"_blank\" class=\"c-link c-link--is-underlined\" rel=\"nofollow noopener\">SNCF Voyageurs<\/a>, \u00ab\u00a0l\u2019origine des dysfonctionnements a \u00e9t\u00e9 identifi\u00e9e. Il s\u2019agit d\u2019un vol de c\u00e2bles qui engendre des <a href=\"https:\/\/www.20minutes.fr\/dossier\/panne\" target=\"_blank\" class=\"c-link c-link--is-underlined\" rel=\"nofollow noopener\">pannes<\/a> de signalisation\u00a0\u00bb. Les \u00e9quipes techniques ont \u00e9tabli un diagnostic et sont mobilis\u00e9es pour r\u00e9tablir les installations, mais les travaux devraient se prolonger \u00ab\u00a0plusieurs heures\u00a0\u00bb.<\/p>\n<\/p>\n<p>Retour \u00e0 la normale pr\u00e9vue en fin de soir\u00e9e<\/p>\n<p>Pour limiter l\u2019impact sur les voyageurs, certains TGV ont \u00e9t\u00e9 d\u00e9vi\u00e9s par la ligne classique, ce qui allonge sensiblement les temps de parcours. La SNCF invite les passagers \u00e0 \u00ab\u00a0rester inform\u00e9s en temps r\u00e9el sur SNCF Voyageurs et vos <a href=\"https:\/\/www.sncf-voyageurs.com\/fr\/voyagez-avec-nous\/horaires-et-itineraires\/informations-trafic\/gl\/\" rel=\"nofollow noopener\" target=\"_blank\" class=\"c-link c-link--is-underlined\">canaux habituels<\/a>\u00a0\u00bb.<\/p>\n<p><a href=\"https:\/\/www.20minutes.fr\/dossier\/sncf\" target=\"_blank\" class=\"c-link c-btn c-btn--primary\" rel=\"nofollow noopener\">Notre dossier sur la SNCF<\/a><\/p>\n<p>Cette perturbation majeure intervient sur un axe strat\u00e9gique qui concentre quotidiennement un trafic intense de voyageurs entre Paris, Lyon et le sud-est de la France. La situation ne devrait pas revenir \u00e0 la normale avant la fin de soir\u00e9e, selon l\u2019op\u00e9rateur.<\/p>\n","protected":false},"excerpt":{"rendered":"La liaison ferroviaire la plus fr\u00e9quent\u00e9e de France vit une journ\u00e9e noire. La circulation des TGV Inoui et&hellip;\n","protected":false},"author":2,"featured_media":350826,"comment_status":"","ping_status":"","sticky":false,"template":"","format":"standard","meta":{"footnotes":""},"categories":[4],"tags":[47,11,2430,1011,27,662,2428,12,23443,626,7854,25,2429,2431,2215,104,2214,11942],"class_list":{"0":"post-350825","1":"post","2":"type-post","3":"status-publish","4":"format-standard","5":"has-post-thumbnail","7":"category-france","8":"tag-actualite","9":"tag-actualites","10":"tag-auvergne-rhone-alpes","11":"tag-fr","12":"tag-france","13":"tag-ile-de-france","14":"tag-lyon","15":"tag-news","16":"tag-ouigo","17":"tag-paris","18":"tag-perturbations","19":"tag-republique-francaise","20":"tag-rhone","21":"tag-rhone-alpes","22":"tag-sncf","23":"tag-societe","24":"tag-tgv","25":"tag-vandalisme"},"share_on_mastodon":{"url":"https:\/\/pubeurope.com\/@fr\/115108907832454912","error":""},"_links":{"self":[{"href":"https:\/\/www.europesays.com\/fr\/wp-json\/wp\/v2\/posts\/350825","targetHints":{"allow":["GET"]}}],"collection":[{"href":"https:\/\/www.europesays.com\/fr\/wp-json\/wp\/v2\/posts"}],"about":[{"href":"https:\/\/www.europesays.com\/fr\/wp-json\/wp\/v2\/types\/post"}],"author":[{"embeddable":true,"href":"https:\/\/www.europesays.com\/fr\/wp-json\/wp\/v2\/users\/2"}],"replies":[{"embeddable":true,"href":"https:\/\/www.europesays.com\/fr\/wp-json\/wp\/v2\/comments?post=350825"}],"version-history":[{"count":0,"href":"https:\/\/www.europesays.com\/fr\/wp-json\/wp\/v2\/posts\/350825\/revisions"}],"wp:featuredmedia":[{"embeddable":true,"href":"https:\/\/www.europesays.com\/fr\/wp-json\/wp\/v2\/media\/350826"}],"wp:attachment":[{"href":"https:\/\/www.europesays.com\/fr\/wp-json\/wp\/v2\/media?parent=350825"}],"wp:term":[{"taxonomy":"category","embeddable":true,"href":"https:\/\/www.europesays.com\/fr\/wp-json\/wp\/v2\/categories?post=350825"},{"taxonomy":"post_tag","embeddable":true,"href":"https:\/\/www.europesays.com\/fr\/wp-json\/wp\/v2\/tags?post=350825"}],"curies":[{"name":"wp","href":"https:\/\/api.w.org\/{rel}","templated":true}]}}