{"id":35083,"date":"2025-04-18T23:02:08","date_gmt":"2025-04-18T23:02:08","guid":{"rendered":"https:\/\/www.europesays.com\/fr\/35083\/"},"modified":"2025-04-18T23:02:08","modified_gmt":"2025-04-18T23:02:08","slug":"isabelle-nanty-sous-traitement-ces-drames-familiaux-consecutifs-impossibles-a-encaisser","status":"publish","type":"post","link":"https:\/\/www.europesays.com\/fr\/35083\/","title":{"rendered":"Isabelle Nanty sous traitement : ces drames familiaux cons\u00e9cutifs impossibles \u00e0 encaisser"},"content":{"rendered":"<p>Actrice embl\u00e9matique du cin\u00e9ma fran\u00e7ais, <a href=\"https:\/\/www.closermag.fr\/people\/ma-mere-ne-pouvait-plus-ce-souvenir-bouleversant-disabelle-nanty-sur-la-mort-de-ses-parents-la-meme-annee-3416525\" rel=\"nofollow noopener\" target=\"_blank\"><br \/>\nIsabelle Nanty<\/a> est \u00e0 l\u2019affiche du film Doux J\u00e9sus, en<br \/>\nsalles depuis le 9 avril dernier. A l\u2019occasion de la promotion de<br \/>\nce long-m\u00e9trage, la com\u00e9dienne \u00e9tait pr\u00e9sente sur le plateau de<br \/>\nl\u2019\u00e9mission Legend, face \u00e0 Guillaume Pley. Elle est revenue sur la<br \/>\ndisparition de ses parents. \u00ab\u00a0Mes parents sont morts la m\u00eame<br \/>\nann\u00e9e. \u00c0 huit mois d&rsquo;intervalle, ma m\u00e8re n&rsquo;a pas surv\u00e9cu \u00e0<br \/>\nla mort de mon p\u00e8re\u00a0\u00bb, a-t-elle confi\u00e9.<\/p>\n<p>\u00ab\u00a0Comment tu as fait pour arriver \u00e0 encaisser deux <a href=\"https:\/\/www.closermag.fr\/people\/isabelle-nanty-en-deuil-son-pere-vient-de-mourir-716210\" rel=\"nofollow noopener\" target=\"_blank\"><br \/>\nd\u00e9c\u00e8s des deux parents<\/a> la m\u00eame ann\u00e9e ?\u201d, demande alors<br \/>\nl\u2019animateur. Alors pour l\u2019actrice, une seule solution \u00e9tait<br \/>\nenvisageable : \u00ab\u00a0Je vais \u00eatre honn\u00eate, j&rsquo;ai pris des<br \/>\nantid\u00e9presseurs. <strong>\u00c7a ne s&rsquo;encaisse<br \/>\npas\u201d.\u00a0<\/strong><\/p>\n<p>Isabelle Nanty se confie sur son traitement apr\u00e8s la mort de<br \/>\nses deux parents<\/p>\n<p>Isabelle Nanty se confie alors sur son rapport \u00e0 la mort :<br \/>\n\u201cEn fait, c&rsquo;est un peu surr\u00e9aliste la mort, en g\u00e9n\u00e9ral. La mort<br \/>\ndes parents, c&rsquo;est compl\u00e8tement irr\u00e9el. Je ne sais m\u00eame<br \/>\npas si je l&rsquo;ai encore r\u00e9alis\u00e9e\u00a0\u00bb, a-t-elle avou\u00e9.<\/p>\n<p>La com\u00e9dienne n\u2019h\u00e9site pas \u00e0 se confier sur sa sant\u00e9 mentale :<br \/>\n\u00ab\u00a0Je le dis honn\u00eatement, je suis sous antid\u00e9presseurs depuis\u2026<br \/>\nJ&rsquo;aimerais bien arr\u00eater quand m\u00eame parce que je trouve que \u00e7a<br \/>\n\u00e9galise un peu les \u00e9motions. Je pense que \u00e7a sauve la vie de<br \/>\nbeaucoup de gens parce qu&rsquo;\u00eatre dans des exc\u00e8s d&rsquo;\u00e9motion, parfois,<br \/>\nne sont bons pour personne, ni pour soi, ni pour l&rsquo;entourage. Mais<br \/>\nc&rsquo;est quand m\u00eame bien d&rsquo;avoir acc\u00e8s \u00e0 ces \u00e9motions\u00a0\u00bb.<\/p>\n<p>Ses confidences sans filtre sur sa<br \/>\nst\u00e9rilit\u00e9<\/p>\n<p>Dans cette interview, <a href=\"https:\/\/www.closermag.fr\/people\/isabelle-nanty-pourquoi-l-actrice-n-est-elle-pas-en-couple-1436223\" rel=\"nofollow noopener\" target=\"_blank\"><br \/>\nIsabelle Nanty est revenue sur sa maternit\u00e9<\/a>, elle qui a<br \/>\n<strong>adopt\u00e9 sa fille Tallulah.<\/strong> En effet, la com\u00e9dienne<br \/>\nest en effet st\u00e9rile. Sa maman avait suivi un traitement au<br \/>\nDistilb\u00e8ne, rendant de nombreux enfants dans l\u2019incapacit\u00e9 de<br \/>\npouvoir procr\u00e9er. \u00ab\u00a0On s&rsquo;est aper\u00e7us vingt ans plus tard que les<br \/>\nm\u00e8res qui avaient \u00e9t\u00e9 sous ce traitement pour ne pas faire de<br \/>\nfausses couches, avaient des enfants, mais que <strong>ces<br \/>\nenfants-l\u00e0, eux, ne pourraient en avoir\u00a0\u00bb<\/strong>, a-t-elle<br \/>\nracont\u00e9 \u00e0 l\u2019animateur.<\/p>\n<p>Mais alors qu\u2019elle va voir le diagnostic tomber lorsqu\u2019elle va<br \/>\nse rendre chez le m\u00e9decin : \u00ab\u00a0Moi, j&rsquo;ai appris \u00e0 30 ans que je<br \/>\nne pourrais pas avoir d&rsquo;enfants, car ma s\u0153ur essayait d&rsquo;en avoir,<br \/>\non lui a dit qu&rsquo;elle ne pourrait pas et on lui a demand\u00e9 si elle<br \/>\navait des fr\u00e8res et s\u0153urs. Donc, je suis all\u00e9e consulter<br \/>\ninnocemment aussi et j&rsquo;ai appris que <strong>je n&rsquo;aurais pas<br \/>\nd&rsquo;enfant\u00a0\u00bb,<\/strong> a-t-elle expliqu\u00e9.\u00a0<\/p>\n","protected":false},"excerpt":{"rendered":"Actrice embl\u00e9matique du cin\u00e9ma fran\u00e7ais, Isabelle Nanty est \u00e0 l\u2019affiche du film Doux J\u00e9sus, en salles depuis le&hellip;\n","protected":false},"author":2,"featured_media":35084,"comment_status":"","ping_status":"","sticky":false,"template":"","format":"standard","meta":{"footnotes":""},"categories":[1359],"tags":[548,58,59,1011,27,11403,973,729],"class_list":{"0":"post-35083","1":"post","2":"type-post","3":"status-publish","4":"format-standard","5":"has-post-thumbnail","7":"category-people","8":"tag-article-simple","9":"tag-divertissement","10":"tag-entertainment","11":"tag-fr","12":"tag-france","13":"tag-isabelle-nanty","14":"tag-people","15":"tag-yout_video"},"share_on_mastodon":{"url":"https:\/\/pubeurope.com\/@fr\/114361463155469356","error":""},"_links":{"self":[{"href":"https:\/\/www.europesays.com\/fr\/wp-json\/wp\/v2\/posts\/35083","targetHints":{"allow":["GET"]}}],"collection":[{"href":"https:\/\/www.europesays.com\/fr\/wp-json\/wp\/v2\/posts"}],"about":[{"href":"https:\/\/www.europesays.com\/fr\/wp-json\/wp\/v2\/types\/post"}],"author":[{"embeddable":true,"href":"https:\/\/www.europesays.com\/fr\/wp-json\/wp\/v2\/users\/2"}],"replies":[{"embeddable":true,"href":"https:\/\/www.europesays.com\/fr\/wp-json\/wp\/v2\/comments?post=35083"}],"version-history":[{"count":0,"href":"https:\/\/www.europesays.com\/fr\/wp-json\/wp\/v2\/posts\/35083\/revisions"}],"wp:featuredmedia":[{"embeddable":true,"href":"https:\/\/www.europesays.com\/fr\/wp-json\/wp\/v2\/media\/35084"}],"wp:attachment":[{"href":"https:\/\/www.europesays.com\/fr\/wp-json\/wp\/v2\/media?parent=35083"}],"wp:term":[{"taxonomy":"category","embeddable":true,"href":"https:\/\/www.europesays.com\/fr\/wp-json\/wp\/v2\/categories?post=35083"},{"taxonomy":"post_tag","embeddable":true,"href":"https:\/\/www.europesays.com\/fr\/wp-json\/wp\/v2\/tags?post=35083"}],"curies":[{"name":"wp","href":"https:\/\/api.w.org\/{rel}","templated":true}]}}