{"id":350831,"date":"2025-08-28T23:10:11","date_gmt":"2025-08-28T23:10:11","guid":{"rendered":"https:\/\/www.europesays.com\/fr\/350831\/"},"modified":"2025-08-28T23:10:11","modified_gmt":"2025-08-28T23:10:11","slug":"etienne-de-fontbellon-necrologie-andre-lioutier","status":"publish","type":"post","link":"https:\/\/www.europesays.com\/fr\/350831\/","title":{"rendered":"\u00c9tienne-de-Fontbellon | N\u00e9crologie. Andr\u00e9 Lioutier"},"content":{"rendered":"<p>Andr\u00e9 Lioutier nous a quitt\u00e9s le 3\u00a0ao\u00fbt dernier, entour\u00e9 de l\u2019affection des siens et d\u2019une nombreuse assistance qui l\u2019a accompagn\u00e9 lors de ses obs\u00e8ques. N\u00e9 le 31\u00a0mai 1942, \u00e0 Aubenas, dans le quartier de Fontbonne, il a grandi sur cette terre ard\u00e9choise qu\u2019il a tant aim\u00e9e. Apr\u00e8s une formation agricole \u00e0 Lablach\u00e8re, il accomplit son service militaire en Alg\u00e9rie durant dix-huit mois, une exp\u00e9rience marquante qui le conduisit \u00e0 s\u2019engager fid\u00e8lement au sein de la Fnaca, pr\u00e9sente au cours de cette c\u00e9r\u00e9monie d\u2019adieu. En 1965, il unit sa vie \u00e0 celle de Simone, son \u00e9pouse, avec qui partagea pr\u00e8s de soixante ann\u00e9es de bonheur et de complicit\u00e9. De leur union naquirent trois enfants\u00a0: Jean-Marc, Pascale et Marie-Paule. Mari attentionn\u00e9, p\u00e8re exigeant mais bienveillant, grand-p\u00e8re affectueux aupr\u00e8s de ses petits-enfants, Camille, Ma\u00ebl, Simon et Arno. Il a su transmettre, par l\u2019exemple, les valeurs qui l\u2019animaient\u00a0: int\u00e9grit\u00e9, rigueur, humilit\u00e9 et amour du travail bien fait. Agriculteur passionn\u00e9, il exer\u00e7a son m\u00e9tier avec intelligence et d\u00e9vouement, toujours \u00e9paul\u00e9 avec constance par son \u00e9pouse. D\u00e8s 1977, il choisit \u00e9galement de s\u2019investir au service de sa commune, mission qu\u2019il remplit avec s\u00e9rieux et loyaut\u00e9 pendant 31 ann\u00e9es, aux c\u00f4t\u00e9s de trois maires successifs\u00a0: Maurice Champel, Raymond Pollard et Paul Abeillon. En ao\u00fbt\u00a02024, la maladie l\u2019a contraint \u00e0 quitter son foyer. C\u2019est \u00e0 la maison de retraite Sainte-Monique qu\u2019il acheva son chemin de vie, entour\u00e9 chaque jour de la tendresse de son \u00e9pouse et de la pr\u00e9sence fid\u00e8le de sa famille.<\/p>\n","protected":false},"excerpt":{"rendered":"Andr\u00e9 Lioutier nous a quitt\u00e9s le 3\u00a0ao\u00fbt dernier, entour\u00e9 de l\u2019affection des siens et d\u2019une nombreuse assistance qui&hellip;\n","protected":false},"author":2,"featured_media":350832,"comment_status":"","ping_status":"","sticky":false,"template":"","format":"standard","meta":{"footnotes":""},"categories":[9653],"tags":[1111,11,2430,27079,9223,4645,1777,674,1011,27,1391,12,25,4001,27078,104],"class_list":{"0":"post-350831","1":"post","2":"type-post","3":"status-publish","4":"format-standard","5":"has-post-thumbnail","7":"category-saint-etienne","8":"tag-actu","9":"tag-actualites","10":"tag-auvergne-rhone-alpes","11":"tag-bassin-daubenas","12":"tag-carnet-du-jour","13":"tag-edition-aubenas-privas-vallee-du-rhone","14":"tag-eu","15":"tag-europe","16":"tag-fr","17":"tag-france","18":"tag-necrologie","19":"tag-news","20":"tag-republique-francaise","21":"tag-saint-etienne","22":"tag-saint-etienne-de-fontbellon","23":"tag-societe"},"share_on_mastodon":{"url":"https:\/\/pubeurope.com\/@fr\/115108919765667469","error":""},"_links":{"self":[{"href":"https:\/\/www.europesays.com\/fr\/wp-json\/wp\/v2\/posts\/350831","targetHints":{"allow":["GET"]}}],"collection":[{"href":"https:\/\/www.europesays.com\/fr\/wp-json\/wp\/v2\/posts"}],"about":[{"href":"https:\/\/www.europesays.com\/fr\/wp-json\/wp\/v2\/types\/post"}],"author":[{"embeddable":true,"href":"https:\/\/www.europesays.com\/fr\/wp-json\/wp\/v2\/users\/2"}],"replies":[{"embeddable":true,"href":"https:\/\/www.europesays.com\/fr\/wp-json\/wp\/v2\/comments?post=350831"}],"version-history":[{"count":0,"href":"https:\/\/www.europesays.com\/fr\/wp-json\/wp\/v2\/posts\/350831\/revisions"}],"wp:featuredmedia":[{"embeddable":true,"href":"https:\/\/www.europesays.com\/fr\/wp-json\/wp\/v2\/media\/350832"}],"wp:attachment":[{"href":"https:\/\/www.europesays.com\/fr\/wp-json\/wp\/v2\/media?parent=350831"}],"wp:term":[{"taxonomy":"category","embeddable":true,"href":"https:\/\/www.europesays.com\/fr\/wp-json\/wp\/v2\/categories?post=350831"},{"taxonomy":"post_tag","embeddable":true,"href":"https:\/\/www.europesays.com\/fr\/wp-json\/wp\/v2\/tags?post=350831"}],"curies":[{"name":"wp","href":"https:\/\/api.w.org\/{rel}","templated":true}]}}