{"id":350837,"date":"2025-08-28T23:13:10","date_gmt":"2025-08-28T23:13:10","guid":{"rendered":"https:\/\/www.europesays.com\/fr\/350837\/"},"modified":"2025-08-28T23:13:10","modified_gmt":"2025-08-28T23:13:10","slug":"toulon-honore-ses-liberateurs-en-continuant-a-resister-a-la-haine","status":"publish","type":"post","link":"https:\/\/www.europesays.com\/fr\/350837\/","title":{"rendered":"Toulon honore ses lib\u00e9rateurs en continuant \u00e0 r\u00e9sister \u00e0 la haine"},"content":{"rendered":"\n<p>En ces moments de d\u00e9senchantement o\u00f9 le renoncement se r\u00e9pand, quand ce n\u2019est pas l\u2019abandon de son \u00e2me \u00e0 l\u2019extr\u00eame droite, il est plus que salutaire de se souvenir de tous ceux qui se sont lev\u00e9s contre la barbarie nazie pour r\u00e9tablir la d\u00e9mocratie. Une d\u00e9marche d\u2019autant plus salutaire dans un d\u00e9partement qui a envoy\u00e9 7 d\u00e9put\u00e9s RN sur\u00a08 \u00e0 l\u2019Assembl\u00e9e nationale. C\u2019est tout le sens de la comm\u00e9moration des 81\u00a0ans de la lib\u00e9ration de Toulon qui s\u2019est d\u00e9roul\u00e9e hier soir place Gabriel P\u00e9ri.<\/p>\n<p>\u00ab\u00a0En ce 28\u00a0ao\u00fbt 2025, nous allons solennellement nous engager \u00e0 ne jamais oublier que c\u2019est parce que ces hommes et ces femmes se sont battus il y a huit d\u00e9cennies que nous sommes aujourd\u2019hui des femmes et des hommes libres\u00a0\u00bb, a lanc\u00e9 la maire de Toulon Jos\u00e9e Massi (SE), en rappelant en substance que les le\u00e7ons de l\u2019Histoire doivent servir \u00e0 \u00e9clairer notre pr\u00e9sent.<\/p>\n<p>\u00ab\u00a0\u00c0 quoi sert de rendre hommage aux morts tomb\u00e9s pour la France durant la Deuxi\u00e8me Guerre mondiale si nous ne sommes pas capables, aujourd\u2019hui, de prot\u00e9ger ce qu\u2019ils nous ont offert au prix de leur vie\u00a0?\u00a0\u00bb, interroge-t-elle.<\/p>\n<p>L\u2019occasion de rappeler que \u00ab\u00a0la haine et l\u2019intol\u00e9rance, sont toujours l\u00e0\u00a0\u00bb, et \u00ab\u00a0qu\u2019\u00e0 force de d\u00e9magogie, une vague destructrice, amplifi\u00e9e par les r\u00e9seaux sociaux, prend peu \u00e0 peu racine\u00a0\u00bb.<\/p>\n<p>La premi\u00e8re magistrate du Port du Levant souligne \u00ab\u00a0qu\u2019ailleurs, en Europe, la banalisation de certains discours teint\u00e9s de x\u00e9nophobie et de sectarisme prosp\u00e8re en s\u2019appuyant sur les peurs diffuses, les \u00e9go\u00efsmes ordinaires et les l\u00e2chet\u00e9s du quotidien\u00a0\u00bb. Ici aussi, aimerait-on pr\u00e9ciser.<\/p>\n<p> \u00ab\u00a0Qu\u2019attendons-nous pour r\u00e9agir\u00a0?\u00a0\u00bb\n              <\/p>\n<p>Et de l\u00e2cher alors, un sans \u00e9quivoque\u00a0: \u00ab\u00a0Qu\u2019attendons-nous pour r\u00e9agir\u00a0? Allons-nous garder le silence devant des discours sectaires, nationalistes\u00a0?\u00a0\u00bb<\/p>\n<p>On est tr\u00e8s loin ici, soit dit en passant, de cette droite LR qui dans notre d\u00e9partement cultive l\u2019amn\u00e9sie collective pour pr\u00e9parer les accords de demain, comme celle incarn\u00e9e par le maire de Saint-Rapha\u00ebl Fr\u00e9d\u00e9ric Masquelier (Lire page\u00a014).<\/p>\n<p>Pour la maire de Toulon donc, pas question d\u2019oublier que \u00ab\u00a0le Nazisme s\u2019est appuy\u00e9 sur la d\u00e9mocratie pour se l\u00e9gitimer\u00a0\u00bb. Pas d\u2019autre fa\u00e7on donc, pour l\u2019\u00e9dile, \u00ab\u00a0de rendre hommage \u00e0 nos h\u00e9ros de la Lib\u00e9ration\u00a0\u00bb, sans soi-m\u00eame se mettre debout et r\u00e9sister.<\/p>\n<p>Car si au d\u00e9but des ann\u00e9es\u00a030, pr\u00e9vient-elle, \u00ab\u00a0les gens ne savaient pas\u00a0\u00bb, et \u00ab\u00a0se sont laiss\u00e9s endormir par des discours fallacieux, manipuler par ignorance\u00a0\u00bb, personne aujourd\u2019hui ne peut pr\u00e9tendre ignorer l\u2019issue d\u2019une telle id\u00e9ologie, bas\u00e9e sur l\u2019intol\u00e9rance, le racisme et le repli sur soi, dont les relents empuantissent le d\u00e9bat public.<\/p>\n<p>Un devoir de m\u00e9moire qui pour \u00eatre efficace se doit pr\u00e9cis\u00e9ment de rappeler comment l\u2019Europe a bascul\u00e9 dans les t\u00e9n\u00e8bres dans l\u2019indiff\u00e9rence quasi g\u00e9n\u00e9rale.<\/p>\n<p>\u00ab\u00a0Il nous incombe de faire tout ce qui est en notre pouvoir, chacun \u00e0 notre niveau, pour que cela n\u2019arrive plus. Nous avons tous un r\u00f4le \u00e0 jouer. Ce n\u2019est pas le probl\u00e8me des autres. C\u2019est le n\u00f4tre, et nous devons l\u2019affronter, en notre \u00e2me et conscience\u00a0\u00bb, affirme Jos\u00e9e Massi.<\/p>\n<p>La maire du Port du Levant pointant \u00e9galement que nos lib\u00e9rateurs n\u2019\u00e9taient pas seulement dou\u00e9s de bravoure mais qu\u2019 \u00ab\u00a0ils \u00e9taient aussi anim\u00e9s par des valeurs communes de respect et d\u2019humanisme\u00a0\u00bb.<\/p>\n<p>Un hommage courageux qui a d\u00fb faire grincer quelques dents dans l\u2019assistance, notamment parmi les parlementaires appartenant \u00e0 un parti cr\u00e9\u00e9 par d\u2019anciens Waffen\u00a0SS, comme la pr\u00e9tendante au poste de maire de Toulon Laure Lavalette. L\u2019extr\u00eame droite tient en effet en horreur les piq\u00fbres de rappels (tout comme les vaccins).<\/p>\n<p>Un appel \u00e0 la r\u00e9sistance pour que nos a\u00een\u00e9s ne soient pas tomb\u00e9s pour rien.<\/p>\n","protected":false},"excerpt":{"rendered":"En ces moments de d\u00e9senchantement o\u00f9 le renoncement se r\u00e9pand, quand ce n\u2019est pas l\u2019abandon de son \u00e2me&hellip;\n","protected":false},"author":2,"featured_media":350838,"comment_status":"","ping_status":"","sticky":false,"template":"","format":"standard","meta":{"footnotes":""},"categories":[9619],"tags":[1111,11,1777,674,1011,27,9985,12,882,25,2310],"class_list":{"0":"post-350837","1":"post","2":"type-post","3":"status-publish","4":"format-standard","5":"has-post-thumbnail","7":"category-toulon","8":"tag-actu","9":"tag-actualites","10":"tag-eu","11":"tag-europe","12":"tag-fr","13":"tag-france","14":"tag-liberation","15":"tag-news","16":"tag-provence-alpes-cote-dazur","17":"tag-republique-francaise","18":"tag-toulon"},"share_on_mastodon":{"url":"https:\/\/pubeurope.com\/@fr\/115108931868934512","error":""},"_links":{"self":[{"href":"https:\/\/www.europesays.com\/fr\/wp-json\/wp\/v2\/posts\/350837","targetHints":{"allow":["GET"]}}],"collection":[{"href":"https:\/\/www.europesays.com\/fr\/wp-json\/wp\/v2\/posts"}],"about":[{"href":"https:\/\/www.europesays.com\/fr\/wp-json\/wp\/v2\/types\/post"}],"author":[{"embeddable":true,"href":"https:\/\/www.europesays.com\/fr\/wp-json\/wp\/v2\/users\/2"}],"replies":[{"embeddable":true,"href":"https:\/\/www.europesays.com\/fr\/wp-json\/wp\/v2\/comments?post=350837"}],"version-history":[{"count":0,"href":"https:\/\/www.europesays.com\/fr\/wp-json\/wp\/v2\/posts\/350837\/revisions"}],"wp:featuredmedia":[{"embeddable":true,"href":"https:\/\/www.europesays.com\/fr\/wp-json\/wp\/v2\/media\/350838"}],"wp:attachment":[{"href":"https:\/\/www.europesays.com\/fr\/wp-json\/wp\/v2\/media?parent=350837"}],"wp:term":[{"taxonomy":"category","embeddable":true,"href":"https:\/\/www.europesays.com\/fr\/wp-json\/wp\/v2\/categories?post=350837"},{"taxonomy":"post_tag","embeddable":true,"href":"https:\/\/www.europesays.com\/fr\/wp-json\/wp\/v2\/tags?post=350837"}],"curies":[{"name":"wp","href":"https:\/\/api.w.org\/{rel}","templated":true}]}}