{"id":350839,"date":"2025-08-28T23:14:11","date_gmt":"2025-08-28T23:14:11","guid":{"rendered":"https:\/\/www.europesays.com\/fr\/350839\/"},"modified":"2025-08-28T23:14:11","modified_gmt":"2025-08-28T23:14:11","slug":"refuse-a-lentree-dun-restaurant-avec-son-chien-guide-il-porte-plainte","status":"publish","type":"post","link":"https:\/\/www.europesays.com\/fr\/350839\/","title":{"rendered":"Refus\u00e9 \u00e0 l\u2019entr\u00e9e d\u2019un restaurant avec son chien guide, il porte plainte"},"content":{"rendered":"<p class=\"mb-4 text-lg md:leading-8 break-words\"><strong>DISCRIMINATION &#8211; A Toulon, un retrait\u00e9 d\u00e9ficient visuel n\u2019a pas pu d\u00e9jeuner dans un restaurant car il \u00e9tait accompagn\u00e9 de son chien guide. L\u2019homme a port\u00e9 plainte, rappelant une loi de\u00a02005<\/strong><\/p>\n<p class=\"mb-4 text-lg md:leading-8 break-words\">A <a href=\"https:\/\/www.20minutes.fr\/dossier\/toulon?at_medium=RSS%20feed&amp;at_campaign=ynews&amp;utm_source=yahoo&amp;utm_medium=rss&amp;utm_campaign=news_feed&amp;utm_content=in_article_link\" rel=\"nofollow noopener\" target=\"_blank\" data-ylk=\"slk:Toulon;elm:context_link;itc:0;sec:content-canvas\" class=\"link \">Toulon<\/a>, un retrait\u00e9 <a href=\"https:\/\/www.20minutes.fr\/dossier\/aveugle?at_medium=RSS%20feed&amp;at_campaign=ynews&amp;utm_source=yahoo&amp;utm_medium=rss&amp;utm_campaign=news_feed&amp;utm_content=in_article_link\" rel=\"nofollow noopener\" target=\"_blank\" data-ylk=\"slk:malvoyant;elm:context_link;itc:0;sec:content-canvas\" class=\"link \">malvoyant<\/a> a \u00e9t\u00e9 refoul\u00e9 d\u2019un <a href=\"https:\/\/www.20minutes.fr\/dossier\/restaurant?at_medium=RSS%20feed&amp;at_campaign=ynews&amp;utm_source=yahoo&amp;utm_medium=rss&amp;utm_campaign=news_feed&amp;utm_content=in_article_link\" rel=\"nofollow noopener\" target=\"_blank\" data-ylk=\"slk:restaurant;elm:context_link;itc:0;sec:content-canvas\" class=\"link \">restaurant<\/a> car il \u00e9tait accompagn\u00e9 de son chien guide, rapporte <a href=\"https:\/\/www.varmatin.com\/vie-locale\/a-toulon-il-est-refuse-au-resto-car-accompagne-de-son-chien-guide-999254?at_medium=RSS%20feed&amp;at_campaign=ynews&amp;utm_source=yahoo&amp;utm_medium=rss&amp;utm_campaign=news_feed&amp;utm_content=in_article_link\" rel=\"nofollow noopener\" target=\"_blank\" data-ylk=\"slk:Var-Matin;elm:context_link;itc:0;sec:content-canvas\" class=\"link \">Var-Matin<\/a>. Il a port\u00e9 plainte pour discrimination, d\u00e9non\u00e7ant une nouvelle entrave \u00e0 sa libert\u00e9 de d\u00e9placement.<\/p>\n<p class=\"mb-4 text-lg md:leading-8 break-words\">Georges, ancien <a href=\"https:\/\/www.20minutes.fr\/dossier\/fonctionnaires?at_medium=RSS%20feed&amp;at_campaign=ynews&amp;utm_source=yahoo&amp;utm_medium=rss&amp;utm_campaign=news_feed&amp;utm_content=in_article_link\" rel=\"nofollow noopener\" target=\"_blank\" data-ylk=\"slk:fonctionnaire;elm:context_link;itc:0;sec:content-canvas\" class=\"link \">fonctionnaire<\/a> du minist\u00e8re de la D\u00e9fense, se d\u00e9place toujours avec Noum\u00e9a, son <a href=\"https:\/\/www.20minutes.fr\/dossier\/chien?at_medium=RSS%20feed&amp;at_campaign=ynews&amp;utm_source=yahoo&amp;utm_medium=rss&amp;utm_campaign=news_feed&amp;utm_content=in_article_link\" rel=\"nofollow noopener\" target=\"_blank\" data-ylk=\"slk:labrador;elm:context_link;itc:0;sec:content-canvas\" class=\"link \">labrador<\/a> d\u2019assistance. Vendredi, un restaurateur lui a refus\u00e9 l\u2019acc\u00e8s \u00e0 la salle, expliquant que les <a href=\"https:\/\/www.20minutes.fr\/planete\/animaux\/?at_medium=RSS%20feed&amp;at_campaign=ynews&amp;utm_source=yahoo&amp;utm_medium=rss&amp;utm_campaign=news_feed&amp;utm_content=in_article_link\" rel=\"nofollow noopener\" target=\"_blank\" data-ylk=\"slk:animaux;elm:context_link;itc:0;sec:content-canvas\" class=\"link \">animaux<\/a> n\u2019\u00e9taient pas accept\u00e9s pour des raisons d\u2019<a href=\"https:\/\/www.20minutes.fr\/dossier\/hygiene?at_medium=RSS%20feed&amp;at_campaign=ynews&amp;utm_source=yahoo&amp;utm_medium=rss&amp;utm_campaign=news_feed&amp;utm_content=in_article_link\" rel=\"nofollow noopener\" target=\"_blank\" data-ylk=\"slk:hygi\u00e8ne;elm:context_link;itc:0;sec:content-canvas\" class=\"link \">hygi\u00e8ne<\/a>. Le client a refus\u00e9 de s\u2019installer en terrasse et rappelle que la loi de\u00a02005 garantit l\u2019acc\u00e8s des chiens guides dans tous les lieux publics.<\/p>\n<p>Le restaurateur se d\u00e9fend<\/p>\n<p class=\"mb-4 text-lg md:leading-8 break-words\">Ce n\u2019est pas la premi\u00e8re fois que Georges se retrouve dans cette situation. Il affirme avoir d\u00e9j\u00e0 \u00e9t\u00e9 refoul\u00e9 dans d\u2019autres commerces du <a href=\"https:\/\/www.20minutes.fr\/societe\/var\/?at_medium=RSS%20feed&amp;at_campaign=ynews&amp;utm_source=yahoo&amp;utm_medium=rss&amp;utm_campaign=news_feed&amp;utm_content=in_article_link\" rel=\"nofollow noopener\" target=\"_blank\" data-ylk=\"slk:Var;elm:context_link;itc:0;sec:content-canvas\" class=\"link \">Var<\/a> et ne veut plus \u00ab\u00a0laisser passer\u00a0\u00bb ces <a href=\"https:\/\/www.20minutes.fr\/dossier\/discrimination?at_medium=RSS%20feed&amp;at_campaign=ynews&amp;utm_source=yahoo&amp;utm_medium=rss&amp;utm_campaign=news_feed&amp;utm_content=in_article_link\" rel=\"nofollow noopener\" target=\"_blank\" data-ylk=\"slk:discriminations;elm:context_link;itc:0;sec:content-canvas\" class=\"link \">discriminations<\/a>. La l\u00e9gislation pr\u00e9voit pourtant une amende pouvant aller jusqu\u2019\u00e0 450 euros en cas de refus. La direction du restaurant Chez le Palestinien assure ne rien avoir \u00ab\u00a0contre les chiens\u00a0\u00bb mais invoque le manque de place en salle. Elle se dit pr\u00eate \u00e0 accueillir le retrait\u00e9 et son chien, mais uniquement en terrasse.<\/p>\n<p><a href=\"https:\/\/www.20minutes.fr\/societe\/var\/\" rel=\"nofollow noopener\" target=\"_blank\" data-ylk=\"slk:Toute l&#039;actualit\u00e9 du Var;elm:context_link;itc:0;sec:content-canvas\" class=\"link \">Toute l&rsquo;actualit\u00e9 du Var<\/a><\/p>\n<p class=\"mb-4 text-lg md:leading-8 break-words\">Quelques jours plus t\u00f4t, \u00e0 Hy\u00e8res, une famille de malentendants accompagn\u00e9e d\u2019un chien guide avait elle aussi \u00e9t\u00e9 emp\u00each\u00e9e de d\u00e9jeuner dans un restaurant. Malheureusement, ces incidents rappellent que l\u2019application de la loi reste in\u00e9gale, vingt ans apr\u00e8s son adoption.<\/p>\n<p class=\"mb-4 text-lg md:leading-8 break-words\"><a href=\"https:\/\/www.20minutes.fr\/societe\/4170081-20250829-toulon-refuse-entree-restaurant-chien-guide-porte-plainte?at_medium=RSS%20feed&amp;at_campaign=ynews&amp;utm_source=yahoo&amp;utm_medium=rss&amp;utm_campaign=news_feed&amp;utm_content=read_more_link&quot;\" rel=\"nofollow noopener\" target=\"_blank\" data-ylk=\"slk:Lire la suite sur 20minutes;elm:context_link;itc:0;sec:content-canvas\" class=\"link \">Lire la suite sur 20minutes<\/a><\/p>\n<p>\u00c0 lire aussi :<br \/><a href=\"https:\/\/www.20minutes.fr\/societe\/4158737-20250616-choisissez-lieu-vacances-fonction-bien-chien-racontez?at_medium=RSS%20feed&amp;at_campaign=ynews&amp;utm_source=yahoo&amp;utm_medium=rss&amp;utm_campaign=news_feed&amp;utm_content=related_content_link\" rel=\"nofollow noopener\" target=\"_blank\" data-ylk=\"slk:Vous choisissez votre lieu de vacances en fonction de ce qui est bien pour votre chien\u00a0? Racontez-nous\u00a0!;elm:context_link;itc:0;sec:content-canvas\" class=\"link \">Vous choisissez votre lieu de vacances en fonction de ce qui est bien pour votre chien\u00a0? Racontez-nous\u00a0!<\/a><br \/><a href=\"https:\/\/www.20minutes.fr\/societe\/4159378-20250628-camping-accepte-toujours-voiture-maitres-choisissent-vacances-fonction-chien?at_medium=RSS%20feed&amp;at_campaign=ynews&amp;utm_source=yahoo&amp;utm_medium=rss&amp;utm_campaign=news_feed&amp;utm_content=related_content_link\" rel=\"nofollow noopener\" target=\"_blank\" data-ylk=\"slk:\u00ab\u00a0Camping qui accepte\u00a0\u00bb, \u00ab\u00a0toujours en voiture\u00a0\u00bb\u2026 Ces ma\u00eetres qui choisissent leurs vacances en fonction de leur chien;elm:context_link;itc:0;sec:content-canvas\" class=\"link \">\u00ab\u00a0Camping qui accepte\u00a0\u00bb, \u00ab\u00a0toujours en voiture\u00a0\u00bb\u2026 Ces ma\u00eetres qui choisissent leurs vacances en fonction de leur chien<\/a><\/p>\n","protected":false},"excerpt":{"rendered":"DISCRIMINATION &#8211; A Toulon, un retrait\u00e9 d\u00e9ficient visuel n\u2019a pas pu d\u00e9jeuner dans un restaurant car il \u00e9tait&hellip;\n","protected":false},"author":2,"featured_media":350840,"comment_status":"","ping_status":"","sticky":false,"template":"","format":"standard","meta":{"footnotes":""},"categories":[9619],"tags":[1111,11,14519,48740,1777,674,1011,27,1876,12,882,25,1340,2310],"class_list":{"0":"post-350839","1":"post","2":"type-post","3":"status-publish","4":"format-standard","5":"has-post-thumbnail","7":"category-toulon","8":"tag-actu","9":"tag-actualites","10":"tag-ce-nest-pas-la-premiere","11":"tag-deficient-visuel","12":"tag-eu","13":"tag-europe","14":"tag-fr","15":"tag-france","16":"tag-ministere-de-la-defense","17":"tag-news","18":"tag-provence-alpes-cote-dazur","19":"tag-republique-francaise","20":"tag-restaurant","21":"tag-toulon"},"share_on_mastodon":{"url":"https:\/\/pubeurope.com\/@fr\/115108935345435740","error":""},"_links":{"self":[{"href":"https:\/\/www.europesays.com\/fr\/wp-json\/wp\/v2\/posts\/350839","targetHints":{"allow":["GET"]}}],"collection":[{"href":"https:\/\/www.europesays.com\/fr\/wp-json\/wp\/v2\/posts"}],"about":[{"href":"https:\/\/www.europesays.com\/fr\/wp-json\/wp\/v2\/types\/post"}],"author":[{"embeddable":true,"href":"https:\/\/www.europesays.com\/fr\/wp-json\/wp\/v2\/users\/2"}],"replies":[{"embeddable":true,"href":"https:\/\/www.europesays.com\/fr\/wp-json\/wp\/v2\/comments?post=350839"}],"version-history":[{"count":0,"href":"https:\/\/www.europesays.com\/fr\/wp-json\/wp\/v2\/posts\/350839\/revisions"}],"wp:featuredmedia":[{"embeddable":true,"href":"https:\/\/www.europesays.com\/fr\/wp-json\/wp\/v2\/media\/350840"}],"wp:attachment":[{"href":"https:\/\/www.europesays.com\/fr\/wp-json\/wp\/v2\/media?parent=350839"}],"wp:term":[{"taxonomy":"category","embeddable":true,"href":"https:\/\/www.europesays.com\/fr\/wp-json\/wp\/v2\/categories?post=350839"},{"taxonomy":"post_tag","embeddable":true,"href":"https:\/\/www.europesays.com\/fr\/wp-json\/wp\/v2\/tags?post=350839"}],"curies":[{"name":"wp","href":"https:\/\/api.w.org\/{rel}","templated":true}]}}