{"id":350841,"date":"2025-08-28T23:15:13","date_gmt":"2025-08-28T23:15:13","guid":{"rendered":"https:\/\/www.europesays.com\/fr\/350841\/"},"modified":"2025-08-28T23:15:13","modified_gmt":"2025-08-28T23:15:13","slug":"previsions-du-vendredi-29-aout-2025","status":"publish","type":"post","link":"https:\/\/www.europesays.com\/fr\/350841\/","title":{"rendered":"pr\u00e9visions du vendredi 29 ao\u00fbt 2025"},"content":{"rendered":"<p>Aujourd&rsquo;hui, le thermom\u00e8tre affichera 21\u00b0C en moyenne \u00e0 Montpellier. Un bel ensoleillement est pr\u00e9vu le matin. Une l\u00e9g\u00e8re brise de nord-ouest soufflera. Intemp\u00e9ries : on annonce de la bruine \u00e9parse pour l&rsquo;apr\u00e8s-midi. Les temp\u00e9ratures afficheront entre 19\u00b0C et 22\u00b0C. Le soir, du mauvais temps est \u00e0 pr\u00e9voir. De la bruine l\u00e9g\u00e8re va tomber. Il fera 19\u00b0C en moyenne. C&rsquo;est un ciel d\u00e9pourvu de nuages que conna\u00eetra la nuit de vendredi \u00e0 samedi.<\/p>\n<p>C&rsquo;est un soleil splendide qui va briller demain sur Montpellier. Le temps va se r\u00e9chauffer avec une augmentation de quelques degr\u00e9s. Il va faire environ 23\u00b0C. Un modeste vent de nord-ouest sera ressenti par les habitants. Demain apr\u00e8s-midi, c&rsquo;est une hausse de plusieurs degr\u00e9s que vont enregistrer les temp\u00e9ratures. Les valeurs s&rsquo;\u00e9chelonneront entre 25 et 27\u00b0C. Demain soir, on pr\u00e9voit des temp\u00e9ratures d&rsquo;environ 23\u00b0C.<\/p>\n<p>La m\u00e9t\u00e9o restera stable les jours \u00e0 venir. Il fera 25\u00b0C en moyenne pour des journ\u00e9es avec un ciel ensoleill\u00e9.<\/p>\n<p><\/p>\n","protected":false},"excerpt":{"rendered":"Aujourd&rsquo;hui, le thermom\u00e8tre affichera 21\u00b0C en moyenne \u00e0 Montpellier. Un bel ensoleillement est pr\u00e9vu le matin. Une l\u00e9g\u00e8re&hellip;\n","protected":false},"author":2,"featured_media":350842,"comment_status":"","ping_status":"","sticky":false,"template":"","format":"standard","meta":{"footnotes":""},"categories":[9599],"tags":[1111,11,1777,674,1011,27,7089,2681,2208,12,2680,2119,25],"class_list":{"0":"post-350841","1":"post","2":"type-post","3":"status-publish","4":"format-standard","5":"has-post-thumbnail","7":"category-montpellier","8":"tag-actu","9":"tag-actualites","10":"tag-eu","11":"tag-europe","12":"tag-fr","13":"tag-france","14":"tag-herault","15":"tag-languedoc-roussillon","16":"tag-montpellier","17":"tag-news","18":"tag-occitanie","19":"tag-previsions-meteo","20":"tag-republique-francaise"},"share_on_mastodon":{"url":"https:\/\/pubeurope.com\/@fr\/115108939341350741","error":""},"_links":{"self":[{"href":"https:\/\/www.europesays.com\/fr\/wp-json\/wp\/v2\/posts\/350841","targetHints":{"allow":["GET"]}}],"collection":[{"href":"https:\/\/www.europesays.com\/fr\/wp-json\/wp\/v2\/posts"}],"about":[{"href":"https:\/\/www.europesays.com\/fr\/wp-json\/wp\/v2\/types\/post"}],"author":[{"embeddable":true,"href":"https:\/\/www.europesays.com\/fr\/wp-json\/wp\/v2\/users\/2"}],"replies":[{"embeddable":true,"href":"https:\/\/www.europesays.com\/fr\/wp-json\/wp\/v2\/comments?post=350841"}],"version-history":[{"count":0,"href":"https:\/\/www.europesays.com\/fr\/wp-json\/wp\/v2\/posts\/350841\/revisions"}],"wp:featuredmedia":[{"embeddable":true,"href":"https:\/\/www.europesays.com\/fr\/wp-json\/wp\/v2\/media\/350842"}],"wp:attachment":[{"href":"https:\/\/www.europesays.com\/fr\/wp-json\/wp\/v2\/media?parent=350841"}],"wp:term":[{"taxonomy":"category","embeddable":true,"href":"https:\/\/www.europesays.com\/fr\/wp-json\/wp\/v2\/categories?post=350841"},{"taxonomy":"post_tag","embeddable":true,"href":"https:\/\/www.europesays.com\/fr\/wp-json\/wp\/v2\/tags?post=350841"}],"curies":[{"name":"wp","href":"https:\/\/api.w.org\/{rel}","templated":true}]}}