{"id":350845,"date":"2025-08-28T23:20:21","date_gmt":"2025-08-28T23:20:21","guid":{"rendered":"https:\/\/www.europesays.com\/fr\/350845\/"},"modified":"2025-08-28T23:20:21","modified_gmt":"2025-08-28T23:20:21","slug":"grenoble-les-tarifs-des-abonnements-augmentent-dans-les-transports-voici-de-combien","status":"publish","type":"post","link":"https:\/\/www.europesays.com\/fr\/350845\/","title":{"rendered":"Grenoble. Les tarifs des abonnements augmentent dans les transports, voici de combien"},"content":{"rendered":"<p>            Par<br \/>\n        <strong><br \/>\n            <a href=\"https:\/\/actu.fr\/auteur\/emma-ressegaire\" title=\"Consulter tous les articles de Emma Ressegaire\" target=\"_blank\" rel=\"noopener\">Emma Ressegaire<\/a><br \/>\n        <\/strong><\/p>\n<p>        Publi\u00e9 le<\/p>\n<p>            28 ao\u00fbt 2025 \u00e0 15h43        <\/p>\n<p>La rentr\u00e9e approche \u00e0 grands pas !\u00a0<\/p>\n<p class=\" wall-content\">Et pour celles et ceux qui vont utiliser les transports en commun de l\u2019aire <a href=\"https:\/\/actu.fr\/grenoble\/\" target=\"_blank\" rel=\"noopener\">grenobloise<\/a>, M r\u00e9so, les <strong>tarifs ont l\u00e9g\u00e8rement augment\u00e9<\/strong> par rapport \u00e0 l\u2019ann\u00e9e derni\u00e8re.\u00a0<\/p>\n<p class=\" wall-content\">Pour voyager sur le r\u00e9seau, il faudra donc d\u00e9bourser un peu plus.<\/p>\n<p>Le prix des abonnements annuels en hausse<\/p>\n<p class=\" wall-content\">C\u2019est le cas pour l\u2019abonnement annuel des 11-17 ans et des 18-25 ans en \u00e9tudes qui <strong>passe de 187 \u00e0 190 \u20ac<\/strong>. Pour les 18-64 ans, l\u2019ann\u00e9e co\u00fbtera 11 \u20ac de plus avec un abonnement \u00e0 698 \u20ac contre 687 \u20ac \u00e0 la derni\u00e8re rentr\u00e9e.<\/p>\n<p class=\" wall-content\">Les 65-74 ans paieront 5,40 \u20ac de plus, avec un abonnement annuel qui passe \u00e0 329,40 \u20ac. Tandis que pour les plus de 75 ans, <strong>une hausse de 2,60 \u20ac<\/strong> est constat\u00e9e passant ainsi le prix \u00e0 161,60 \u20ac.<\/p>\n<p class=\" wall-content\">Les tarifs solidaires, calcul\u00e9s sur la base du quotient familial de l\u2019usager, \u00e9voluent \u00e9galement, <strong>sauf le tarif le plus bas, celui du Pastel A<\/strong>, qui ne change pas et reste \u00e0 30 \u20ac pour un an. Le Pastel B augmente de 3,6 \u20ac passant ainsi \u00e0 193,20 \u20ac ; le Pastel C augmente de 4,8 \u20ac atteignant ainsi les 256,80 \u20ac et enfin, le Pastel D, passe de 572,40 \u20ac \u00e0 582 \u20ac soit une augmentation de 9,6 \u20ac.<\/p>\n<p class=\" wall-content\">De plus, <strong>l\u2019abonnement des 5-10 ans<\/strong> conna\u00eet \u00e9galement une tr\u00e8s minime hausse avec un pass annuel de 46,60 \u20ac pour cette rentr\u00e9e 2025 contre 45,80 \u20ac l\u2019ann\u00e9e derni\u00e8re.<\/p>\n<p>Votre r\u00e9gion, votre actu !<\/p>\n<p>Recevez chaque jour les infos qui comptent pour vous.<\/p>\n<p>\t<a href=\"https:\/\/actu.fr\/newsletter\" class=\"ac-btn ac-btn--corner ac-btn--medium ac-btn--blue800\" target=\"_blank\" rel=\"noopener\">S&rsquo;incrire<\/a><br \/>\nDes tarifs diff\u00e9rents pour certains usagers<\/p>\n<p class=\" wall-content\">\u00c0 noter, bien qu\u2019un r\u00e9seau unique ait \u00e9t\u00e9 cr\u00e9\u00e9 l\u2019an dernier, qu\u2019il existe des <strong>tarifs sp\u00e9cifiques pour les intra-Gr\u00e9sivaudan et les intra-Voironnais<\/strong> qui restent sur leur territoire. Pour les consulter, rendez-vous sur le <a href=\"https:\/\/www.reso-m.fr\/67-un-tarif-pour-chacun.htm\" target=\"_blank\" rel=\"noopener\">site internet de M r\u00e9so<\/a>.<\/p>\n<p class=\" wall-content\">Pour rappel, les salari\u00e9s du service public et du secteur priv\u00e9 peuvent se faire rembourser par leur employeur une partie des abonnements, qu\u2019ils soient annuels ou mensuels. La prise en charge s\u2019effectue \u00e0 hauteur d\u2019au minimum 50 %.<\/p>\n<p class=\" wall-content\">Personnalisez votre actualit\u00e9 en ajoutant vos villes et m\u00e9dias en favori avec <a href=\"https:\/\/moncompte.actu.fr\" title=\"D\u00e9couvez Mon Actu\" rel=\"nofollow noopener\" data-trk=\"{&quot;cta&quot;:{&quot;action&quot;:&quot;https:\\\/\\\/moncompte.actu.fr&quot;,&quot;category&quot;:&quot;mon compte&quot;,&quot;from&quot;:&quot;article footer&quot;,&quot;name&quot;:&quot;Mon actu&quot;,&quot;type&quot;:&quot;cta&quot;}}\" target=\"_blank\">Mon Actu<\/a>.<\/p>\n","protected":false},"excerpt":{"rendered":"Par Emma Ressegaire Publi\u00e9 le 28 ao\u00fbt 2025 \u00e0 15h43 La rentr\u00e9e approche \u00e0 grands pas !\u00a0 Et&hellip;\n","protected":false},"author":2,"featured_media":350846,"comment_status":"","ping_status":"","sticky":false,"template":"","format":"standard","meta":{"footnotes":""},"categories":[9566],"tags":[1111,11,2430,1777,674,1011,27,2731,12,25,104,8194],"class_list":{"0":"post-350845","1":"post","2":"type-post","3":"status-publish","4":"format-standard","5":"has-post-thumbnail","7":"category-grenoble","8":"tag-actu","9":"tag-actualites","10":"tag-auvergne-rhone-alpes","11":"tag-eu","12":"tag-europe","13":"tag-fr","14":"tag-france","15":"tag-grenoble","16":"tag-news","17":"tag-republique-francaise","18":"tag-societe","19":"tag-transport-de-lagglomeration-grenobloise-tag"},"share_on_mastodon":{"url":"https:\/\/pubeurope.com\/@fr\/115108958976597141","error":""},"_links":{"self":[{"href":"https:\/\/www.europesays.com\/fr\/wp-json\/wp\/v2\/posts\/350845","targetHints":{"allow":["GET"]}}],"collection":[{"href":"https:\/\/www.europesays.com\/fr\/wp-json\/wp\/v2\/posts"}],"about":[{"href":"https:\/\/www.europesays.com\/fr\/wp-json\/wp\/v2\/types\/post"}],"author":[{"embeddable":true,"href":"https:\/\/www.europesays.com\/fr\/wp-json\/wp\/v2\/users\/2"}],"replies":[{"embeddable":true,"href":"https:\/\/www.europesays.com\/fr\/wp-json\/wp\/v2\/comments?post=350845"}],"version-history":[{"count":0,"href":"https:\/\/www.europesays.com\/fr\/wp-json\/wp\/v2\/posts\/350845\/revisions"}],"wp:featuredmedia":[{"embeddable":true,"href":"https:\/\/www.europesays.com\/fr\/wp-json\/wp\/v2\/media\/350846"}],"wp:attachment":[{"href":"https:\/\/www.europesays.com\/fr\/wp-json\/wp\/v2\/media?parent=350845"}],"wp:term":[{"taxonomy":"category","embeddable":true,"href":"https:\/\/www.europesays.com\/fr\/wp-json\/wp\/v2\/categories?post=350845"},{"taxonomy":"post_tag","embeddable":true,"href":"https:\/\/www.europesays.com\/fr\/wp-json\/wp\/v2\/tags?post=350845"}],"curies":[{"name":"wp","href":"https:\/\/api.w.org\/{rel}","templated":true}]}}