{"id":350847,"date":"2025-08-28T23:21:14","date_gmt":"2025-08-28T23:21:14","guid":{"rendered":"https:\/\/www.europesays.com\/fr\/350847\/"},"modified":"2025-08-28T23:21:14","modified_gmt":"2025-08-28T23:21:14","slug":"chl-un-grenoble-combatif-mais-defait-sur-la-j1","status":"publish","type":"post","link":"https:\/\/www.europesays.com\/fr\/350847\/","title":{"rendered":"CHL. Un Grenoble combatif, mais d\u00e9fait sur la J1"},"content":{"rendered":"<p>\u00a0<\/p>\n<p class=\"chapeau\">La campagne europ\u00e9enne des Grenoblois d\u00e9marre par un revers (0-2). L\u2019\u00e9quipe Suisse du SC Bern a su se montrer dominatrice et oblige les BDL \u00e0 aller de l\u2019avant, en visant un r\u00e9sultat diff\u00e9rent face \u00e0 l\u2019EV Zug, ce samedi.<\/p>\n<p style=\"text-align: right\">Cr\u00e9dit photo : Fabien Baldino<\/p>\n<p>Grenoble signe son retour en CHL d\u2019un match rempli de s\u00e9rieux et d\u2019implication. Dans le premier tiers, les hommes de Per Hanberg font preuve de solidarit\u00e9 d\u00e9fensive, et arrivent \u00e0 se procurer quelques occasions en plus d\u2019obtenir le premier powerplay de la rencontre. L\u2019adversit\u00e9 s\u2019intensifie dans le deuxi\u00e8me acte, et les Bernois finissent par trouver la faille \u00e0 deux reprises en l\u2019espace de quelques secondes. Les BDL tentent de revenir en fin de match, rendant les vingt derni\u00e8res minutes plus \u00e9quilibr\u00e9es. Grenoble tente le tout pour le tout en faisant sortir Pintaric. Les tentatives se multiplient, mais le portier suisse ne rompt pas, laissant le score \u00e0 2-0.<\/p>\n<p>Cap d\u00e9sormais sur le match de samedi pour les Is\u00e9rois, face \u00e0 l\u2019EV Zug (Suisse), victorieux, apr\u00e8s prolongation, de Lule\u00e5 (Su\u00e8de) sur cette J1.<\/p>\n<p>Le calendrier des Br\u00fbleurs de Loups\u00a0 :<\/p>\n<ul>\n<li><strong>Jeudi 28 ao\u00fbt : Grenoble<\/strong> 0-2 SC Bern (0-0 ; 0-2 ; 0-0)<\/li>\n<li><strong>Samedi 30 ao\u00fbt : Grenoble\u00a0<\/strong>\u2013 EV Zug (20h15)<\/li>\n<li><strong>Vendredi 5 septembre<\/strong> : Pinguins Bremerhaven \u2013\u00a0<strong>Grenoble\u00a0<\/strong>(19h30)<\/li>\n<li><strong>Dimanche 7 septembre<\/strong> : Eisb\u00e4ren Berlin \u2013\u00a0<strong>Grenoble\u00a0<\/strong>(19h00)<\/li>\n<li><strong>Mercredi 8 octobre : Grenoble<\/strong>\u00a0<strong>\u2013\u00a0<\/strong>Lausanne HC (20h15)<\/li>\n<li><strong>Mardi 14 octobre :\u00a0<\/strong>Sparta Prague \u2013\u00a0<strong>Grenoble\u00a0<\/strong>(18h30)<\/li>\n<\/ul>\n<p>\u00a0<\/p>\n","protected":false},"excerpt":{"rendered":"\u00a0 La campagne europ\u00e9enne des Grenoblois d\u00e9marre par un revers (0-2). L\u2019\u00e9quipe Suisse du SC Bern a su&hellip;\n","protected":false},"author":2,"featured_media":350848,"comment_status":"","ping_status":"","sticky":false,"template":"","format":"standard","meta":{"footnotes":""},"categories":[9566],"tags":[1111,11,2430,1777,674,1011,27,2731,12,25],"class_list":{"0":"post-350847","1":"post","2":"type-post","3":"status-publish","4":"format-standard","5":"has-post-thumbnail","7":"category-grenoble","8":"tag-actu","9":"tag-actualites","10":"tag-auvergne-rhone-alpes","11":"tag-eu","12":"tag-europe","13":"tag-fr","14":"tag-france","15":"tag-grenoble","16":"tag-news","17":"tag-republique-francaise"},"share_on_mastodon":{"url":"https:\/\/pubeurope.com\/@fr\/115108962886388104","error":""},"_links":{"self":[{"href":"https:\/\/www.europesays.com\/fr\/wp-json\/wp\/v2\/posts\/350847","targetHints":{"allow":["GET"]}}],"collection":[{"href":"https:\/\/www.europesays.com\/fr\/wp-json\/wp\/v2\/posts"}],"about":[{"href":"https:\/\/www.europesays.com\/fr\/wp-json\/wp\/v2\/types\/post"}],"author":[{"embeddable":true,"href":"https:\/\/www.europesays.com\/fr\/wp-json\/wp\/v2\/users\/2"}],"replies":[{"embeddable":true,"href":"https:\/\/www.europesays.com\/fr\/wp-json\/wp\/v2\/comments?post=350847"}],"version-history":[{"count":0,"href":"https:\/\/www.europesays.com\/fr\/wp-json\/wp\/v2\/posts\/350847\/revisions"}],"wp:featuredmedia":[{"embeddable":true,"href":"https:\/\/www.europesays.com\/fr\/wp-json\/wp\/v2\/media\/350848"}],"wp:attachment":[{"href":"https:\/\/www.europesays.com\/fr\/wp-json\/wp\/v2\/media?parent=350847"}],"wp:term":[{"taxonomy":"category","embeddable":true,"href":"https:\/\/www.europesays.com\/fr\/wp-json\/wp\/v2\/categories?post=350847"},{"taxonomy":"post_tag","embeddable":true,"href":"https:\/\/www.europesays.com\/fr\/wp-json\/wp\/v2\/tags?post=350847"}],"curies":[{"name":"wp","href":"https:\/\/api.w.org\/{rel}","templated":true}]}}