{"id":350849,"date":"2025-08-28T23:22:11","date_gmt":"2025-08-28T23:22:11","guid":{"rendered":"https:\/\/www.europesays.com\/fr\/350849\/"},"modified":"2025-08-28T23:22:11","modified_gmt":"2025-08-28T23:22:11","slug":"previsions-du-vendredi-29-aout-2025-2","status":"publish","type":"post","link":"https:\/\/www.europesays.com\/fr\/350849\/","title":{"rendered":"pr\u00e9visions du vendredi 29 ao\u00fbt 2025"},"content":{"rendered":"<p>Des averses sont annonc\u00e9es aujourd&rsquo;hui. La ville de Rennes sera de temps \u00e0 autre sous la pluie. Les valeurs seront de 13\u00b0C au minimum et de 20\u00b0C au plus haut. Un vent d&rsquo;ouest est pr\u00e9vu le matin : il soufflera \u00e0 22 km\/h. Les temp\u00e9ratures afficheront entre 19 et 20\u00b0C durant l&rsquo;apr\u00e8s-midi. Il va pleuvoir le soir. Il va faire 16\u00b0C en moyenne. Entre vendredi et samedi, la nuit sera brumeuse.<\/p>\n<p>On observera la pr\u00e9sence persistante de nuages demain \u00e0 Rennes. Mauvais temps : on pr\u00e9voit des pluies \u00e9parses. La m\u00e9t\u00e9o va se r\u00e9chauffer avec une augmentation de quelques degr\u00e9s. On anticipe des valeurs d&rsquo;environ 18\u00b0C. Un vent de sud-ouest soufflera \u00e0 21 km\/h. Le matin, on verra l&rsquo;apparition de nuages. Le soleil aura du mal \u00e0 percer au milieu des nuages qui subsisteront dans l&rsquo;apr\u00e8s-midi. Les maximales iront jusqu&rsquo;\u00e0 23\u00b0C alors que les minimales seront de 19\u00b0C. La soir\u00e9e va rester couverte \u00e0 cause de nuages qui perdurent dans le ciel. Des pluies \u00e9parses sont attendues.<\/p>\n<p>Des \u00e9volutions par la suite. La m\u00e9t\u00e9o sera variable les prochains jours. On s&rsquo;attend \u00e0 une d\u00e9gradation lundi, apr\u00e8s une journ\u00e9e ensoleill\u00e9e dimanche.<\/p>\n<p><\/p>\n","protected":false},"excerpt":{"rendered":"Des averses sont annonc\u00e9es aujourd&rsquo;hui. La ville de Rennes sera de temps \u00e0 autre sous la pluie. Les&hellip;\n","protected":false},"author":2,"featured_media":350850,"comment_status":"","ping_status":"","sticky":false,"template":"","format":"standard","meta":{"footnotes":""},"categories":[2821],"tags":[1111,11,829,1777,674,1011,27,848,12,2119,584,25],"class_list":{"0":"post-350849","1":"post","2":"type-post","3":"status-publish","4":"format-standard","5":"has-post-thumbnail","7":"category-rennes","8":"tag-actu","9":"tag-actualites","10":"tag-bretagne","11":"tag-eu","12":"tag-europe","13":"tag-fr","14":"tag-france","15":"tag-ille-et-vilaine","16":"tag-news","17":"tag-previsions-meteo","18":"tag-rennes","19":"tag-republique-francaise"},"share_on_mastodon":{"url":"https:\/\/pubeurope.com\/@fr\/115108966826590515","error":""},"_links":{"self":[{"href":"https:\/\/www.europesays.com\/fr\/wp-json\/wp\/v2\/posts\/350849","targetHints":{"allow":["GET"]}}],"collection":[{"href":"https:\/\/www.europesays.com\/fr\/wp-json\/wp\/v2\/posts"}],"about":[{"href":"https:\/\/www.europesays.com\/fr\/wp-json\/wp\/v2\/types\/post"}],"author":[{"embeddable":true,"href":"https:\/\/www.europesays.com\/fr\/wp-json\/wp\/v2\/users\/2"}],"replies":[{"embeddable":true,"href":"https:\/\/www.europesays.com\/fr\/wp-json\/wp\/v2\/comments?post=350849"}],"version-history":[{"count":0,"href":"https:\/\/www.europesays.com\/fr\/wp-json\/wp\/v2\/posts\/350849\/revisions"}],"wp:featuredmedia":[{"embeddable":true,"href":"https:\/\/www.europesays.com\/fr\/wp-json\/wp\/v2\/media\/350850"}],"wp:attachment":[{"href":"https:\/\/www.europesays.com\/fr\/wp-json\/wp\/v2\/media?parent=350849"}],"wp:term":[{"taxonomy":"category","embeddable":true,"href":"https:\/\/www.europesays.com\/fr\/wp-json\/wp\/v2\/categories?post=350849"},{"taxonomy":"post_tag","embeddable":true,"href":"https:\/\/www.europesays.com\/fr\/wp-json\/wp\/v2\/tags?post=350849"}],"curies":[{"name":"wp","href":"https:\/\/api.w.org\/{rel}","templated":true}]}}