{"id":350851,"date":"2025-08-28T23:23:18","date_gmt":"2025-08-28T23:23:18","guid":{"rendered":"https:\/\/www.europesays.com\/fr\/350851\/"},"modified":"2025-08-28T23:23:18","modified_gmt":"2025-08-28T23:23:18","slug":"rennes-casse-sa-tirelire-et-engage-lattaquant-angevin-lepaul","status":"publish","type":"post","link":"https:\/\/www.europesays.com\/fr\/350851\/","title":{"rendered":"Rennes casse sa tirelire et engage l\u2019attaquant angevin Lepaul"},"content":{"rendered":"<p>Le Stade Rennais a d\u00e9bours\u00e9 une quinzaine de millions d\u2019euros pour attirer l\u2019attaquant fran\u00e7ais de 25 ans.<\/p>\n<p class=\"fig-paragraph\">L&rsquo;avant-centre d&rsquo;Angers, Est\u00e9ban Lepaul s&rsquo;est engag\u00e9 pour quatre saisons avec\u00a0<a href=\"http:\/\/www.lefigaro.fr\/sports\/football\/ligue-1\/ligue-1-reduit-tres-rapidement-a-neuf-rennes-a-vecu-un-cauchemar-a-lorient-20250824\" target=\"_blank\" data-fig-type=\"NewsFlash\" rel=\"noopener nofollow\" data-gtm-custom-categorie=\"navigation\" data-gtm-custom-action=\"crossclick\" data-gtm-custom-label=\"Contextuel\" data-gtm-event=\"customEventSPE\" data-fig-domain=\"LEFIGARO\">le Stade Rennais<\/a>, a annonc\u00e9 le club breton jeudi soir. \u00c0 la recherche d&rsquo;un buteur depuis plusieurs semaines et notamment depuis le d\u00e9part d&rsquo;Arnaud Kalimuendo \u00e0 Nottingham Forest, le club breton a d\u00e9pens\u00e9 environ 15 millions d&rsquo;euros, bonus compris, pour s&rsquo;attacher les services du joueur de 25 ans, selon la presse.<\/p>\n<p class=\"fig-paragraph\">Form\u00e9 \u00e0 Lyon, Lepaul \u00e9tait arriv\u00e9 \u00e0 Angers il y a un an et demi et avait surtout \u00e9clat\u00e9 lors de la phase retour de la saison pass\u00e9e, inscrivant 13 buts, toutes comp\u00e9titions confondues, gr\u00e2ce \u00e0 son grand sens de l&rsquo;appel en profondeur et son r\u00e9alisme devant le but. Son d\u00e9part est un coup dur sportivement pour le SCO, qui avait remport\u00e9 son premier match de la saison 1-0 contre le Paris FC d&rsquo;un but de son d\u00e9sormais ex-gol\u00e9ador.<\/p>\n<p>                                    <a class=\"fig-a11y-skip a11y-hidden\" href=\"#fig-a11y-skip-main-inarticle\"><br \/>\n        Passer la publicit\u00e9<br \/>\n    <\/a><\/p>\n<p>D\u00e9buts dimanche&#8230; \u00e0 Angers\u00a0?<\/p>\n<p class=\"fig-paragraph\">Mais le club angevin, plus petit budget de Ligue 1, a aussi un gros besoin d&rsquo;argent frais pour \u00e9quilibrer son bilan et a fini par accepter de le c\u00e9der. Selon les m\u00e9dias, le SCO pourrait rapidement s&rsquo;attacher les services, sous forme de pr\u00eat, de Steve Mouni\u00e9, l&rsquo;attaquant b\u00e9ninois qui avait brill\u00e9 avec Brest il y a deux saisons, avant de partir \u00e0 Augsbourg, en Bundesliga.<\/p>\n<p class=\"fig-paragraph\">Lepaul, qui pourrait faire ses d\u00e9buts avec Rennes \u00e0 Angers, d\u00e8s dimanche, pour la 3e journ\u00e9e de Ligue 1, ne sera sans doute pas le dernier renfort du SRFC cet \u00e9t\u00e9. La piste qui m\u00e8ne \u00e0 l&rsquo;attaquant danois du Sporting du Portugal, Conrad Harder, semble \u00e0 nouveau se r\u00e9chauffer apr\u00e8s l&rsquo;\u00e9chec de son transfert \u00e0 l&rsquo;AC Milan, assure Ouest-France.<\/p>\n","protected":false},"excerpt":{"rendered":"Le Stade Rennais a d\u00e9bours\u00e9 une quinzaine de millions d\u2019euros pour attirer l\u2019attaquant fran\u00e7ais de 25 ans. L&rsquo;avant-centre&hellip;\n","protected":false},"author":2,"featured_media":350852,"comment_status":"","ping_status":"","sticky":false,"template":"","format":"standard","meta":{"footnotes":""},"categories":[2821],"tags":[1111,11,829,1777,674,1011,27,12,584,25,3087],"class_list":{"0":"post-350851","1":"post","2":"type-post","3":"status-publish","4":"format-standard","5":"has-post-thumbnail","7":"category-rennes","8":"tag-actu","9":"tag-actualites","10":"tag-bretagne","11":"tag-eu","12":"tag-europe","13":"tag-fr","14":"tag-france","15":"tag-news","16":"tag-rennes","17":"tag-republique-francaise","18":"tag-stade-rennais"},"share_on_mastodon":{"url":"https:\/\/pubeurope.com\/@fr\/115108970674927797","error":""},"_links":{"self":[{"href":"https:\/\/www.europesays.com\/fr\/wp-json\/wp\/v2\/posts\/350851","targetHints":{"allow":["GET"]}}],"collection":[{"href":"https:\/\/www.europesays.com\/fr\/wp-json\/wp\/v2\/posts"}],"about":[{"href":"https:\/\/www.europesays.com\/fr\/wp-json\/wp\/v2\/types\/post"}],"author":[{"embeddable":true,"href":"https:\/\/www.europesays.com\/fr\/wp-json\/wp\/v2\/users\/2"}],"replies":[{"embeddable":true,"href":"https:\/\/www.europesays.com\/fr\/wp-json\/wp\/v2\/comments?post=350851"}],"version-history":[{"count":0,"href":"https:\/\/www.europesays.com\/fr\/wp-json\/wp\/v2\/posts\/350851\/revisions"}],"wp:featuredmedia":[{"embeddable":true,"href":"https:\/\/www.europesays.com\/fr\/wp-json\/wp\/v2\/media\/350852"}],"wp:attachment":[{"href":"https:\/\/www.europesays.com\/fr\/wp-json\/wp\/v2\/media?parent=350851"}],"wp:term":[{"taxonomy":"category","embeddable":true,"href":"https:\/\/www.europesays.com\/fr\/wp-json\/wp\/v2\/categories?post=350851"},{"taxonomy":"post_tag","embeddable":true,"href":"https:\/\/www.europesays.com\/fr\/wp-json\/wp\/v2\/tags?post=350851"}],"curies":[{"name":"wp","href":"https:\/\/api.w.org\/{rel}","templated":true}]}}