{"id":350853,"date":"2025-08-28T23:24:11","date_gmt":"2025-08-28T23:24:11","guid":{"rendered":"https:\/\/www.europesays.com\/fr\/350853\/"},"modified":"2025-08-28T23:24:11","modified_gmt":"2025-08-28T23:24:11","slug":"previsions-du-vendredi-29-aout-2025-3","status":"publish","type":"post","link":"https:\/\/www.europesays.com\/fr\/350853\/","title":{"rendered":"pr\u00e9visions du vendredi 29 ao\u00fbt 2025"},"content":{"rendered":"<p>Il va faire environ 19\u00b0C \u00e0 Strasbourg, aujourd&rsquo;hui. Une petite brise de sud soufflera. La matin\u00e9e qui s&rsquo;annonce, promet d&rsquo;\u00eatre superbe et ensoleill\u00e9e ! Apr\u00e8s un rapide passage nuageux, l&rsquo;apr\u00e8s-midi, le beau temps va progressivement se substituer aux nuages. C&rsquo;est une hausse de quelques degr\u00e9s que vont enregistrer les temp\u00e9ratures. Ces valeurs seront comprises entre 21 et 24\u00b0C. Il faudra emporter son parapluie le soir pour s&rsquo;abriter des pluies \u00e9parses. Une nuit claire vous attendra entre vendredi et samedi.<\/p>\n<p>Toujours de la grisaille demain. Les nuages vont stationner sur Strasbourg. Des pluies \u00e9parses vont tomber sur la ville. Le mercure va descendre de quelques degr\u00e9s. Les valeurs afficheront entre 14 et 22\u00b0C. Un vent de sud-ouest rafra\u00eechira quelque peu l&rsquo;atmosph\u00e8re. Le matin, des nuages ne voudront pas laisser leur place au soleil. Demain apr\u00e8s-midi, encore des nuages dans le ciel qui emp\u00eachent le soleil d&rsquo;appara\u00eetre. Les temp\u00e9ratures s&rsquo;\u00e9chelonneront entre 20\u00b0C et 22\u00b0C. La soir\u00e9e va rester voil\u00e9e \u00e0 cause de nuages qui persistent dans le ciel. Intemp\u00e9ries : on pr\u00e9voit des pluies \u00e9parses. Les valeurs seront de 16\u00b0C.<\/p>\n<p>La m\u00e9t\u00e9o sera plut\u00f4t mitig\u00e9e les jours suivants. Dimanche, le temps sera ensoleill\u00e9 alors qu&rsquo;une d\u00e9gradation est annonc\u00e9e lundi.<\/p>\n<p><\/p>\n","protected":false},"excerpt":{"rendered":"Il va faire environ 19\u00b0C \u00e0 Strasbourg, aujourd&rsquo;hui. Une petite brise de sud soufflera. La matin\u00e9e qui s&rsquo;annonce,&hellip;\n","protected":false},"author":2,"featured_media":350854,"comment_status":"","ping_status":"","sticky":false,"template":"","format":"standard","meta":{"footnotes":""},"categories":[2820],"tags":[1111,11,2389,2649,1777,674,1011,27,775,12,2119,25,640],"class_list":{"0":"post-350853","1":"post","2":"type-post","3":"status-publish","4":"format-standard","5":"has-post-thumbnail","7":"category-strasbourg","8":"tag-actu","9":"tag-actualites","10":"tag-alsace","11":"tag-bas-rhin","12":"tag-eu","13":"tag-europe","14":"tag-fr","15":"tag-france","16":"tag-grand-est","17":"tag-news","18":"tag-previsions-meteo","19":"tag-republique-francaise","20":"tag-strasbourg"},"share_on_mastodon":{"url":"https:\/\/pubeurope.com\/@fr\/115108974654235158","error":""},"_links":{"self":[{"href":"https:\/\/www.europesays.com\/fr\/wp-json\/wp\/v2\/posts\/350853","targetHints":{"allow":["GET"]}}],"collection":[{"href":"https:\/\/www.europesays.com\/fr\/wp-json\/wp\/v2\/posts"}],"about":[{"href":"https:\/\/www.europesays.com\/fr\/wp-json\/wp\/v2\/types\/post"}],"author":[{"embeddable":true,"href":"https:\/\/www.europesays.com\/fr\/wp-json\/wp\/v2\/users\/2"}],"replies":[{"embeddable":true,"href":"https:\/\/www.europesays.com\/fr\/wp-json\/wp\/v2\/comments?post=350853"}],"version-history":[{"count":0,"href":"https:\/\/www.europesays.com\/fr\/wp-json\/wp\/v2\/posts\/350853\/revisions"}],"wp:featuredmedia":[{"embeddable":true,"href":"https:\/\/www.europesays.com\/fr\/wp-json\/wp\/v2\/media\/350854"}],"wp:attachment":[{"href":"https:\/\/www.europesays.com\/fr\/wp-json\/wp\/v2\/media?parent=350853"}],"wp:term":[{"taxonomy":"category","embeddable":true,"href":"https:\/\/www.europesays.com\/fr\/wp-json\/wp\/v2\/categories?post=350853"},{"taxonomy":"post_tag","embeddable":true,"href":"https:\/\/www.europesays.com\/fr\/wp-json\/wp\/v2\/tags?post=350853"}],"curies":[{"name":"wp","href":"https:\/\/api.w.org\/{rel}","templated":true}]}}