{"id":350857,"date":"2025-08-28T23:26:10","date_gmt":"2025-08-28T23:26:10","guid":{"rendered":"https:\/\/www.europesays.com\/fr\/350857\/"},"modified":"2025-08-28T23:26:10","modified_gmt":"2025-08-28T23:26:10","slug":"previsions-du-vendredi-29-aout-2025-4","status":"publish","type":"post","link":"https:\/\/www.europesays.com\/fr\/350857\/","title":{"rendered":"pr\u00e9visions du vendredi 29 ao\u00fbt 2025"},"content":{"rendered":"<p>Cette journ\u00e9e sera synonyme de grand soleil pour Nice. Les valeurs s&rsquo;\u00e9chelonneront entre 19\u00b0C et 27\u00b0C. Le matin, un modeste vent de sud-est sera ressenti par les habitants. L&rsquo;apr\u00e8s-midi, les temp\u00e9ratures afficheront entre 24 et 27\u00b0C. La m\u00e9t\u00e9o devrait s&rsquo;am\u00e9liorer pendant la soir\u00e9e. Les temp\u00e9ratures tourneront autour des 21\u00b0C. Une nuit claire vous attendra entre vendredi et samedi.<\/p>\n<p>Demain, les Ni\u00e7ois vont pouvoir b\u00e9n\u00e9ficier d&rsquo;un soleil radieux. Une diminution du mercure est \u00e0 pr\u00e9voir. On anticipe des valeurs d&rsquo;environ 20\u00b0C. Un vent de sud-est rafra\u00eechira sensiblement l&rsquo;atmosph\u00e8re. Les maximales iront jusqu&rsquo;\u00e0 22\u00b0C dans l&rsquo;apr\u00e8s-midi alors que les minimales seront de 21\u00b0C. Les temp\u00e9ratures avoisineront les 20\u00b0C au cours de la soir\u00e9e.<\/p>\n<p>Les jours passent et ne changent pas. Le temps sera ensoleill\u00e9 avec des temp\u00e9ratures autour de 24\u00b0C.<\/p>\n<p><\/p>\n","protected":false},"excerpt":{"rendered":"Cette journ\u00e9e sera synonyme de grand soleil pour Nice. Les valeurs s&rsquo;\u00e9chelonneront entre 19\u00b0C et 27\u00b0C. Le matin,&hellip;\n","protected":false},"author":2,"featured_media":350858,"comment_status":"","ping_status":"","sticky":false,"template":"","format":"standard","meta":{"footnotes":""},"categories":[2819],"tags":[1111,11,2898,1777,674,1011,27,12,2401,883,2119,882,25],"class_list":{"0":"post-350857","1":"post","2":"type-post","3":"status-publish","4":"format-standard","5":"has-post-thumbnail","7":"category-nice","8":"tag-actu","9":"tag-actualites","10":"tag-alpes-maritimes","11":"tag-eu","12":"tag-europe","13":"tag-fr","14":"tag-france","15":"tag-news","16":"tag-nice","17":"tag-paca","18":"tag-previsions-meteo","19":"tag-provence-alpes-cote-dazur","20":"tag-republique-francaise"},"share_on_mastodon":{"url":"https:\/\/pubeurope.com\/@fr\/115108982549375539","error":""},"_links":{"self":[{"href":"https:\/\/www.europesays.com\/fr\/wp-json\/wp\/v2\/posts\/350857","targetHints":{"allow":["GET"]}}],"collection":[{"href":"https:\/\/www.europesays.com\/fr\/wp-json\/wp\/v2\/posts"}],"about":[{"href":"https:\/\/www.europesays.com\/fr\/wp-json\/wp\/v2\/types\/post"}],"author":[{"embeddable":true,"href":"https:\/\/www.europesays.com\/fr\/wp-json\/wp\/v2\/users\/2"}],"replies":[{"embeddable":true,"href":"https:\/\/www.europesays.com\/fr\/wp-json\/wp\/v2\/comments?post=350857"}],"version-history":[{"count":0,"href":"https:\/\/www.europesays.com\/fr\/wp-json\/wp\/v2\/posts\/350857\/revisions"}],"wp:featuredmedia":[{"embeddable":true,"href":"https:\/\/www.europesays.com\/fr\/wp-json\/wp\/v2\/media\/350858"}],"wp:attachment":[{"href":"https:\/\/www.europesays.com\/fr\/wp-json\/wp\/v2\/media?parent=350857"}],"wp:term":[{"taxonomy":"category","embeddable":true,"href":"https:\/\/www.europesays.com\/fr\/wp-json\/wp\/v2\/categories?post=350857"},{"taxonomy":"post_tag","embeddable":true,"href":"https:\/\/www.europesays.com\/fr\/wp-json\/wp\/v2\/tags?post=350857"}],"curies":[{"name":"wp","href":"https:\/\/api.w.org\/{rel}","templated":true}]}}