{"id":350859,"date":"2025-08-28T23:27:12","date_gmt":"2025-08-28T23:27:12","guid":{"rendered":"https:\/\/www.europesays.com\/fr\/350859\/"},"modified":"2025-08-28T23:27:12","modified_gmt":"2025-08-28T23:27:12","slug":"nice-delta-air-lines-ouvre-en-2026-une-liaison-directe-boston-nice-cote-dazur","status":"publish","type":"post","link":"https:\/\/www.europesays.com\/fr\/350859\/","title":{"rendered":"NICE : Delta Air Lines ouvre en 2026 une liaison directe Boston \u2013 Nice C\u00f4te d&rsquo;Azur"},"content":{"rendered":"<p><b>Depuis plus de 30 ans, Delta Air Lines relie l\u2019Am\u00e9rique du Nord \u00e0 la C\u00f4te d\u2019Azur.<\/b><\/p>\n<p>Apr\u00e8s la reprise forte des connexions avec New York JFK en 2022 et l\u2019ouverture d\u2019une ligne vers Atlanta en 2023,\u00a0<b>C\u00f4te d\u2019Azur France Tourisme se r\u00e9jouit d\u2019un nouveau projet majeur : l\u2019ouverture, en 2026, d\u2019une liaison directe entre Boston et l\u2019a\u00e9roport Nice C\u00f4te d\u2019Azur<\/b>\u00a0<b>:<\/b><\/p>\n<p><b>\u00c0 partir du 17 mai 2026, trois vols hebdomadaires seront op\u00e9r\u00e9s vers Nice, chaque mardi, jeudi et samedi.<\/b><\/p>\n<p>Cette nouvelle connexion est une excellente nouvelle pour la destination C\u00f4te d\u2019Azur France et pour l\u2019a\u00e9roport Nice C\u00f4te d\u2019Azur d\u00e9j\u00e0 connect\u00e9 en plus de New York JFK et Atlanta avec Newark, Washington et Philadelphie. Elle confirme la place de la C\u00f4te d\u2019Azur comme porte d\u2019entr\u00e9e internationale et destination de r\u00e9f\u00e9rence pour les client\u00e8les nord-am\u00e9ricaines.<\/p>\n<p><b>Un march\u00e9 strat\u00e9gique en croissance continue<\/b><\/p>\n<p>Les \u00c9tats-Unis constituent aujourd\u2019hui un march\u00e9 essentiel pour l\u2019\u00e9conomie touristique azur\u00e9enne. En 2019, avant la crise sanitaire, les Am\u00e9ricains repr\u00e9sentaient 9 % des touristes internationaux. Ce taux, tomb\u00e9 \u00e0 moins de 4 % en 2020, a retrouv\u00e9 9 % en 2022 pour d\u00e9passer les 15 % en 2024 avec plus de 660\u00a0000 s\u00e9jours.\u00a0<b>Les visiteurs am\u00e9ricains figurent d\u00e9sormais dans le Top 3 des client\u00e8les \u00e9trang\u00e8res, et occupent la premi\u00e8re place en h\u00e9bergement marchand pendant la saison estivale.<\/b><\/p>\n<p>Cette client\u00e8le \u00e0 fort pouvoir d\u2019achat se distingue par une d\u00e9pense moyenne de plus de 175 \u20ac par jour, soit plus du double de celle d\u2019un touriste fran\u00e7ais. Sa contribution est particuli\u00e8rement forte aux intersaisons (mai-juin et septembre-octobre).\u00a0<b>Plus d\u2019un voyageur am\u00e9ricain sur deux provient de la C\u00f4te Est, rendant la nouvelle liaison avec Boston hautement strat\u00e9gique<\/b>.<\/p>\n<p><b>Un attachement historique et culturel<\/b><\/p>\n<p>Principale client\u00e8le de longue distance, les Am\u00e9ricains entretiennent un lien fort avec la France et sont particuli\u00e8rement s\u00e9duits par le charme et l\u2019art de vivre de la C\u00f4te d\u2019Azur. Sur un territoire concentr\u00e9, ils trouvent une diversit\u00e9 exceptionnelle d\u2019exp\u00e9riences : culture, gastronomie, shopping, littoral, villages authentiques, montagnes.<\/p>\n<p><b>Une annonce inscrite dans une dynamique collective #CotedAzurFrance<\/b><\/p>\n<p>Cette d\u00e9cision s\u2019inscrit pleinement dans la strat\u00e9gie men\u00e9e conjointement par l\u2019A\u00e9roport Nice C\u00f4te d\u2019Azur et C\u00f4te d\u2019Azur France Tourisme ainsi que les socio-professionnels azur\u00e9ens. Elle co\u00efncide avec la mission f\u00e9d\u00e9r\u00e9e\u00a0<b>#CotedAzurFrance<\/b>\u00a0qui sera organis\u00e9e en Am\u00e9rique du Nord, et notamment \u00e0 Boston, d\u00e9but f\u00e9vrier 2026, aux c\u00f4t\u00e9s des offices de tourisme, h\u00f4teliers et professionnels azur\u00e9ens. Cette mission viendra renforcer la pr\u00e9sence de la C\u00f4te d\u2019Azur sur les march\u00e9s long-courriers \u00e0 haut pouvoir d\u2019achat et \u00e0 dur\u00e9e de s\u00e9jour plus longue, en compl\u00e9ment des march\u00e9s de proximit\u00e9.<\/p>\n<p>\u00ab\u00a0Je me r\u00e9jouis de l\u2019ouverture par Delta Air Lines d\u2019une nouvelle ligne entre Boston et la C\u00f4te d\u2019Azur en 2026. Il s\u2019agit d\u2019une excellente nouvelle pour l\u2019a\u00e9roport Nice C\u00f4te d\u2019Azur et pour notre destination C\u00f4te d\u2019Azur France. Elle confirme notre attractivit\u00e9 sur le march\u00e9 des \u00c9tats-Unis et s\u2019inscrit pleinement dans la mission f\u00e9d\u00e9r\u00e9e #CotedAzurFrance que nous m\u00e8nerons en Am\u00e9rique du Nord et notamment \u00e0 Boston d\u00e9but f\u00e9vrier 2026 avec nos partenaires offices de tourisme, h\u00f4teliers et professionnels du tourisme. En ce sens, cette d\u00e9cision conforte pleinement la strat\u00e9gie de promotion de C\u00f4te d\u2019Azur France Tourisme sur les march\u00e9s long-courriers \u00e0 haut pouvoir d\u2019achat, en compl\u00e9ment de nos client\u00e8les europ\u00e9ennes de proximit\u00e9\u00a0\u00bb.\u00a0\u00a0<b>Alexandra BORCHIO FONTIMP, Pr\u00e9sidente de C\u00f4te d\u2019Azur France Tourisme.<\/b><\/p>\n<p><b>\u00c0 PROPOS DE C\u00d4TE D\u2019AZUR\u00a0<\/b><b>France tourisme<\/b><\/p>\n<p>C\u00f4te d\u2019Azur France Tourisme, pr\u00e9sid\u00e9 par Alexandra Borchio Fontimp, S\u00e9natrice des Alpes-Maritimes et Conseill\u00e8re d\u00e9partementale des Alpes-Maritimes, est l\u2019organisme institutionnel officiel en charge de la mise en \u0153uvre de la strat\u00e9gie de marketing touristique de la Destination C\u00d4TE d\u2019AZUR FRANCE. Compos\u00e9 de trois p\u00f4les marketing op\u00e9rationnels (Communication et Promotion de la marque, Marketing Territorial et Animation du R\u00e9seau Grand Public), C\u00f4te d\u2019Azur France Tourisme met en \u0153uvre chaque ann\u00e9e une centaine d\u2019actions de promotion en France et \u00e0 l\u2019\u00e9tranger. Gestionnaire de la marque C\u00d4TE d\u2019AZUR France, C\u00f4te d\u2019Azur France Tourisme est en charge \u00e9galement du d\u00e9veloppement de la strat\u00e9gie de marque territoriale ainsi que de son programme de licence\u00a0<a href=\"http:\/\/www.marque-cotedazurfrance.com\/\" target=\"_blank\" rel=\"noopener nofollow\" data-saferedirecturl=\"https:\/\/www.google.com\/url?q=http:\/\/www.marque-cotedazurfrance.com&amp;source=gmail&amp;ust=1756469465677000&amp;usg=AOvVaw3k-6nxW_KML9a37BALgrJ3\">www.marque-cotedazurfrance.com<\/a>.<\/p>\n","protected":false},"excerpt":{"rendered":"Depuis plus de 30 ans, Delta Air Lines relie l\u2019Am\u00e9rique du Nord \u00e0 la C\u00f4te d\u2019Azur. Apr\u00e8s la&hellip;\n","protected":false},"author":2,"featured_media":350860,"comment_status":"","ping_status":"","sticky":false,"template":"","format":"standard","meta":{"footnotes":""},"categories":[2819],"tags":[1111,11,1777,674,1011,27,12,2401,882,25],"class_list":{"0":"post-350859","1":"post","2":"type-post","3":"status-publish","4":"format-standard","5":"has-post-thumbnail","7":"category-nice","8":"tag-actu","9":"tag-actualites","10":"tag-eu","11":"tag-europe","12":"tag-fr","13":"tag-france","14":"tag-news","15":"tag-nice","16":"tag-provence-alpes-cote-dazur","17":"tag-republique-francaise"},"share_on_mastodon":{"url":"https:\/\/pubeurope.com\/@fr\/115108986458098387","error":""},"_links":{"self":[{"href":"https:\/\/www.europesays.com\/fr\/wp-json\/wp\/v2\/posts\/350859","targetHints":{"allow":["GET"]}}],"collection":[{"href":"https:\/\/www.europesays.com\/fr\/wp-json\/wp\/v2\/posts"}],"about":[{"href":"https:\/\/www.europesays.com\/fr\/wp-json\/wp\/v2\/types\/post"}],"author":[{"embeddable":true,"href":"https:\/\/www.europesays.com\/fr\/wp-json\/wp\/v2\/users\/2"}],"replies":[{"embeddable":true,"href":"https:\/\/www.europesays.com\/fr\/wp-json\/wp\/v2\/comments?post=350859"}],"version-history":[{"count":0,"href":"https:\/\/www.europesays.com\/fr\/wp-json\/wp\/v2\/posts\/350859\/revisions"}],"wp:featuredmedia":[{"embeddable":true,"href":"https:\/\/www.europesays.com\/fr\/wp-json\/wp\/v2\/media\/350860"}],"wp:attachment":[{"href":"https:\/\/www.europesays.com\/fr\/wp-json\/wp\/v2\/media?parent=350859"}],"wp:term":[{"taxonomy":"category","embeddable":true,"href":"https:\/\/www.europesays.com\/fr\/wp-json\/wp\/v2\/categories?post=350859"},{"taxonomy":"post_tag","embeddable":true,"href":"https:\/\/www.europesays.com\/fr\/wp-json\/wp\/v2\/tags?post=350859"}],"curies":[{"name":"wp","href":"https:\/\/api.w.org\/{rel}","templated":true}]}}