{"id":350869,"date":"2025-08-28T23:32:10","date_gmt":"2025-08-28T23:32:10","guid":{"rendered":"https:\/\/www.europesays.com\/fr\/350869\/"},"modified":"2025-08-28T23:32:10","modified_gmt":"2025-08-28T23:32:10","slug":"toulouse-immersion-chez-les-pompiers-lors-des-portes-ouvertes-de-la-caserne-jean-delrieu","status":"publish","type":"post","link":"https:\/\/www.europesays.com\/fr\/350869\/","title":{"rendered":"Toulouse. Immersion chez les pompiers lors des portes ouvertes de la caserne Jean Delrieu"},"content":{"rendered":"<p>            Par<br \/>\n        <strong><br \/>\n            <a href=\"https:\/\/actu.fr\/auteur\/lea-afonso\" title=\"Consulter tous les articles de L\u00e9a Afonso\" rel=\"nofollow noopener\" target=\"_blank\">L\u00e9a Afonso<\/a><br \/>\n        <\/strong><\/p>\n<p>        Publi\u00e9 le<\/p>\n<p>            28 ao\u00fbt 2025 \u00e0 19h58        <\/p>\n<p>Passer une journ\u00e9e dans une <strong>caserne de pompier<\/strong>, c\u2019est possible\u2009! Le samedi 6\u00a0septembre 2025, le <strong>centre de secours Jean Delrieu<\/strong>, situ\u00e9 dans le quartier Barri\u00e8re de Paris \u00e0 <a href=\"https:\/\/actu.fr\/toulouse\/\" rel=\"nofollow noopener\" target=\"_blank\">Toulouse<\/a>, organise une journ\u00e9e<strong> portes ouvertes<\/strong>. Une occasion unique pour le grand public de d\u00e9couvrir le quotidien des sapeurs-pompiers et les coulisses de leurs interventions.<\/p>\n<p>Rendez-vous aux portes ouvertes<\/p>\n<p class=\" wall-content\">Tout au long de la journ\u00e9e, <strong>de 10h \u00e0 18h<\/strong>, les visiteurs pourront explorer l\u2019univers op\u00e9rationnel des pompiers de Toulouse. Le <strong>centre de secours Delrieu,<\/strong> l\u2019un des sites majeurs du dispositif de secours de la m\u00e9tropole, proposera un programme riche et accessible \u00e0 tous, pens\u00e9 pour informer, sensibiliser et divertir.<\/p>\n<p>D\u00e9monstrations, visites et animations au programme<\/p>\n<p class=\" wall-content\">Parmi les temps forts de cette journ\u00e9e\u2009: des <strong>visites guid\u00e9es<\/strong> de la caserne, permettant de mieux comprendre son organisation, ses \u00e9quipements et le r\u00f4le de chaque unit\u00e9. Des <strong>d\u00e9monstrations<\/strong> seront \u00e9galement pr\u00e9sent\u00e9es \u2013 attendez-vous \u00e0 des interventions incendies, au secours \u00e0 une victime, au maniement du mat\u00e9riel\u2026 \u2013.<\/p>\n<p class=\" wall-content\">Les plus jeunes ne seront pas oubli\u00e9s\u2009: des animations p\u00e9dagogiques leur seront d\u00e9di\u00e9es.<\/p>\n<p class=\" wall-content\"><a href=\"https:\/\/www.instagram.com\/p\/DNvZkK7WBTd\/embed\" title=\"Ouvrir le lien sur Instagram\" rel=\"nofollow noopener\" target=\"_blank\">Visualiser le contenu sur Instagram<\/a><\/p>\n<p>Un temps d\u2019\u00e9change avec les professionnels<\/p>\n<p class=\" wall-content\">Au-del\u00e0 des d\u00e9monstrations, cette journ\u00e9e vise \u00e0 favoriser les <strong>\u00e9changes<\/strong> entre les pompiers et la population. Les visiteurs pourront ainsi poser leurs questions, d\u00e9couvrir les parcours de formation, ou encore s\u2019informer sur les modalit\u00e9s pour s\u2019engager en tant que volontaire.<\/p>\n<p>Vid\u00e9os : en ce moment sur Actu<\/p>\n<p class=\" wall-content\">Un espace de <strong>restauration<\/strong> et une <strong>buvette<\/strong> seront par ailleurs mis \u00e0 disposition, pour prolonger l\u2019exp\u00e9rience dans une ambiance conviviale.<\/p>\n<p>Infos pratiques\u2009:<br \/>Centre de Secours de Toulouse \u2013 Jean Delrieu<br \/>Adresse\u2009: 4 Imp. Suzanne Lenglen, 31200 Toulouse<\/p>\n<p>Votre r\u00e9gion, votre actu !<\/p>\n<p>Recevez chaque jour les infos qui comptent pour vous.<\/p>\n<p>\t<a href=\"https:\/\/actu.fr\/newsletter\" class=\"ac-btn ac-btn--corner ac-btn--medium ac-btn--blue800\" rel=\"nofollow noopener\" target=\"_blank\">S&rsquo;incrire<\/a><\/p>\n<p class=\" wall-content\">Personnalisez votre actualit\u00e9 en ajoutant vos villes et m\u00e9dias en favori avec <a href=\"https:\/\/moncompte.actu.fr\" title=\"D\u00e9couvez Mon Actu\" rel=\"nofollow noopener\" data-trk=\"{&quot;cta&quot;:{&quot;action&quot;:&quot;https:\\\/\\\/moncompte.actu.fr&quot;,&quot;category&quot;:&quot;mon compte&quot;,&quot;from&quot;:&quot;article footer&quot;,&quot;name&quot;:&quot;Mon actu&quot;,&quot;type&quot;:&quot;cta&quot;}}\" target=\"_blank\">Mon Actu<\/a>.<\/p>\n<p>                    <script async src=\"\/\/www.instagram.com\/embed.js\"><\/script><\/p>\n","protected":false},"excerpt":{"rendered":"Par L\u00e9a Afonso Publi\u00e9 le 28 ao\u00fbt 2025 \u00e0 19h58 Passer une journ\u00e9e dans une caserne de pompier,&hellip;\n","protected":false},"author":2,"featured_media":350870,"comment_status":"","ping_status":"","sticky":false,"template":"","format":"standard","meta":{"footnotes":""},"categories":[2816],"tags":[1111,11,1777,674,1011,27,12,2680,1311,25,104,2312],"class_list":{"0":"post-350869","1":"post","2":"type-post","3":"status-publish","4":"format-standard","5":"has-post-thumbnail","7":"category-toulouse","8":"tag-actu","9":"tag-actualites","10":"tag-eu","11":"tag-europe","12":"tag-fr","13":"tag-france","14":"tag-news","15":"tag-occitanie","16":"tag-pompiers","17":"tag-republique-francaise","18":"tag-societe","19":"tag-toulouse"},"share_on_mastodon":{"url":"https:\/\/pubeurope.com\/@fr\/115109006111385550","error":""},"_links":{"self":[{"href":"https:\/\/www.europesays.com\/fr\/wp-json\/wp\/v2\/posts\/350869","targetHints":{"allow":["GET"]}}],"collection":[{"href":"https:\/\/www.europesays.com\/fr\/wp-json\/wp\/v2\/posts"}],"about":[{"href":"https:\/\/www.europesays.com\/fr\/wp-json\/wp\/v2\/types\/post"}],"author":[{"embeddable":true,"href":"https:\/\/www.europesays.com\/fr\/wp-json\/wp\/v2\/users\/2"}],"replies":[{"embeddable":true,"href":"https:\/\/www.europesays.com\/fr\/wp-json\/wp\/v2\/comments?post=350869"}],"version-history":[{"count":0,"href":"https:\/\/www.europesays.com\/fr\/wp-json\/wp\/v2\/posts\/350869\/revisions"}],"wp:featuredmedia":[{"embeddable":true,"href":"https:\/\/www.europesays.com\/fr\/wp-json\/wp\/v2\/media\/350870"}],"wp:attachment":[{"href":"https:\/\/www.europesays.com\/fr\/wp-json\/wp\/v2\/media?parent=350869"}],"wp:term":[{"taxonomy":"category","embeddable":true,"href":"https:\/\/www.europesays.com\/fr\/wp-json\/wp\/v2\/categories?post=350869"},{"taxonomy":"post_tag","embeddable":true,"href":"https:\/\/www.europesays.com\/fr\/wp-json\/wp\/v2\/tags?post=350869"}],"curies":[{"name":"wp","href":"https:\/\/api.w.org\/{rel}","templated":true}]}}