{"id":350871,"date":"2025-08-28T23:33:11","date_gmt":"2025-08-28T23:33:11","guid":{"rendered":"https:\/\/www.europesays.com\/fr\/350871\/"},"modified":"2025-08-28T23:33:11","modified_gmt":"2025-08-28T23:33:11","slug":"previsions-du-vendredi-29-aout-2025-6","status":"publish","type":"post","link":"https:\/\/www.europesays.com\/fr\/350871\/","title":{"rendered":"pr\u00e9visions du vendredi 29 ao\u00fbt 2025"},"content":{"rendered":"<p>Aujourd&rsquo;hui, le soleil sera cach\u00e9 derri\u00e8re des nuages \u00e0 Toulouse, o\u00f9 le temps sera gris. Les temp\u00e9ratures seront de 13\u00b0C au plus bas et de 22\u00b0C au maximum. Le matin, le soleil risque d&rsquo;\u00eatre masqu\u00e9 par des nuages. Des averses sont attendues. La ville sera de temps \u00e0 autre sous la pluie. Un petit vent de sud-ouest soufflera. L&rsquo;apr\u00e8s-midi, la m\u00e9t\u00e9o sera marqu\u00e9e par des pluies \u00e9parses. C&rsquo;est une hausse de quelques degr\u00e9s que vont conna\u00eetre les temp\u00e9ratures. Les valeurs s&rsquo;\u00e9chelonneront entre 20 et 22\u00b0C. Un vent d&rsquo;ouest soufflera \u00e0 32 km\/h. Dans la soir\u00e9e, des pluies \u00e9parses sont pr\u00e9vues. Une nuit pluvieuse vous attendra entre vendredi et samedi.<\/p>\n<p>L&rsquo;air ambiant va se r\u00e9chauffer demain \u00e0 Toulouse avec une augmentation de quelques degr\u00e9s. Il fera en moyenne 21\u00b0C. Un vent de nord-ouest rafra\u00eechira l\u00e9g\u00e8rement l&rsquo;atmosph\u00e8re. La matin\u00e9e va rester voil\u00e9e \u00e0 cause de nuages qui persistent dans le ciel. Il faudra emporter son parapluie pour s&rsquo;abriter des pluies \u00e9parses. Il va faire 19\u00b0C en moyenne. Le ciel va s&rsquo;\u00e9claircir dans l&rsquo;apr\u00e8s-midi. Les temp\u00e9ratures vont enregistrer une hausse de plusieurs degr\u00e9s. Les valeurs seront comprises entre 25\u00b0C et 27\u00b0C.<\/p>\n<p>Le temps des journ\u00e9es qui suivent va changer progressivement. Apr\u00e8s des conditions m\u00e9t\u00e9orologiques similaires dimanche, la situation changera lundi.<\/p>\n<p><\/p>\n","protected":false},"excerpt":{"rendered":"Aujourd&rsquo;hui, le soleil sera cach\u00e9 derri\u00e8re des nuages \u00e0 Toulouse, o\u00f9 le temps sera gris. Les temp\u00e9ratures seront&hellip;\n","protected":false},"author":2,"featured_media":350872,"comment_status":"","ping_status":"","sticky":false,"template":"","format":"standard","meta":{"footnotes":""},"categories":[2816],"tags":[1111,11,1777,674,1011,27,2722,2721,12,2680,2119,25,2312],"class_list":{"0":"post-350871","1":"post","2":"type-post","3":"status-publish","4":"format-standard","5":"has-post-thumbnail","7":"category-toulouse","8":"tag-actu","9":"tag-actualites","10":"tag-eu","11":"tag-europe","12":"tag-fr","13":"tag-france","14":"tag-haute-garonne","15":"tag-midi-pyrenees","16":"tag-news","17":"tag-occitanie","18":"tag-previsions-meteo","19":"tag-republique-francaise","20":"tag-toulouse"},"share_on_mastodon":{"url":"https:\/\/pubeurope.com\/@fr\/115109010016302089","error":""},"_links":{"self":[{"href":"https:\/\/www.europesays.com\/fr\/wp-json\/wp\/v2\/posts\/350871","targetHints":{"allow":["GET"]}}],"collection":[{"href":"https:\/\/www.europesays.com\/fr\/wp-json\/wp\/v2\/posts"}],"about":[{"href":"https:\/\/www.europesays.com\/fr\/wp-json\/wp\/v2\/types\/post"}],"author":[{"embeddable":true,"href":"https:\/\/www.europesays.com\/fr\/wp-json\/wp\/v2\/users\/2"}],"replies":[{"embeddable":true,"href":"https:\/\/www.europesays.com\/fr\/wp-json\/wp\/v2\/comments?post=350871"}],"version-history":[{"count":0,"href":"https:\/\/www.europesays.com\/fr\/wp-json\/wp\/v2\/posts\/350871\/revisions"}],"wp:featuredmedia":[{"embeddable":true,"href":"https:\/\/www.europesays.com\/fr\/wp-json\/wp\/v2\/media\/350872"}],"wp:attachment":[{"href":"https:\/\/www.europesays.com\/fr\/wp-json\/wp\/v2\/media?parent=350871"}],"wp:term":[{"taxonomy":"category","embeddable":true,"href":"https:\/\/www.europesays.com\/fr\/wp-json\/wp\/v2\/categories?post=350871"},{"taxonomy":"post_tag","embeddable":true,"href":"https:\/\/www.europesays.com\/fr\/wp-json\/wp\/v2\/tags?post=350871"}],"curies":[{"name":"wp","href":"https:\/\/api.w.org\/{rel}","templated":true}]}}