{"id":350873,"date":"2025-08-28T23:35:17","date_gmt":"2025-08-28T23:35:17","guid":{"rendered":"https:\/\/www.europesays.com\/fr\/350873\/"},"modified":"2025-08-28T23:35:17","modified_gmt":"2025-08-28T23:35:17","slug":"les-adversaires-potentiels-de-lille-lol-et-nice-pour-la-phase-de-ligue-2","status":"publish","type":"post","link":"https:\/\/www.europesays.com\/fr\/350873\/","title":{"rendered":"les adversaires potentiels de Lille, l&rsquo;OL et Nice pour la phase de ligue"},"content":{"rendered":"<p class=\"mb-4 text-lg md:leading-8 break-words\">Lille, Lyon et Nice vont bient\u00f4t savoir. Quelques heures apr\u00e8s le tirage cors\u00e9 r\u00e9serv\u00e9 aux clubs fran\u00e7ais en Ligue des champions, trois autres clubs de Ligue 1 vont \u00eatre fix\u00e9s sur leur sort, lors du tirage au sort de la phase de ligue de Ligue Europa. <a href=\"https:\/\/fr.news.yahoo.com\/sport\/lille-petite-pique-amus%C3%A9e-genesio-133335162.html\" data-ylk=\"slk:Le LOSC;elm:context_link;itc:0;sec:content-canvas;outcm:mb_qualified_link;_E:mb_qualified_link;ct:story;\" class=\"link  yahoo-link\" target=\"_blank\" rel=\"noopener\">Le LOSC<\/a> et <a href=\"https:\/\/fr.news.yahoo.com\/sport\/mercato-l-ol-s-int%C3%A9resse-151434890.html\" data-ylk=\"slk:l&#039;OL;elm:context_link;itc:0;sec:content-canvas;outcm:mb_qualified_link;_E:mb_qualified_link;ct:story;\" class=\"link  yahoo-link\" target=\"_blank\" rel=\"noopener\">l&rsquo;OL<\/a>, 4e et 5e du championnat l&rsquo;an pass\u00e9, ainsi que l&rsquo;OGCN, <a href=\"https:\/\/fr.news.yahoo.com\/sport\/d%C3%A9go%C3%BBt%C3%A9s-trois-d%C3%A9faites-trois-matchs-220940620.html\" data-ylk=\"slk:battu par Benfica en barrage de C1;elm:context_link;itc:0;sec:content-canvas;outcm:mb_qualified_link;_E:mb_qualified_link;ct:story;\" class=\"link  yahoo-link\" target=\"_blank\" rel=\"noopener\">battu par Benfica en barrage de C1<\/a>, repr\u00e9senteront la France en C3.<\/p>\n<p class=\"mb-4 text-lg md:leading-8 break-words\">Sur le mod\u00e8le de la Ligue des champions, les trente-six \u00e9quipes participantes sont r\u00e9parties dans quatre chapeaux de neuf \u00e9quipes sur la base de leur coefficient UEFA en 2025. Chaque \u00e9quipe affronte sur un seul match deux \u00e9quipes de chaque chapeau (y compris son propre chapeau), soit au total huit adversaires diff\u00e9rents (quatre matches \u00e0 domicile et quatre matches \u00e0 l&rsquo;ext\u00e9rieur), avec une particularit\u00e9: deux clubs d&rsquo;un m\u00eame pays ne peuvent pas s&rsquo;affronter d\u00e8s la phase de ligue. Pas de risque donc d&rsquo;avoir un OL-LOSC, Lille-Nice ou Lyon-OGCN.<\/p>\n<p class=\"mb-4 text-lg md:leading-8 break-words\">En revanche, de belles affiches peuvent \u00eatre au programme, avec des \u00e9quipes habitu\u00e9es \u00e0 l&rsquo;Europe (AS Roma, FC Porto, Glasgow Rangers et Celtic), toutes plac\u00e9es dans le chapeau 1.<\/p>\n<p>Les chapeaux pour le tirage au sort<\/p>\n<p class=\"mb-4 text-lg md:leading-8 break-words\"><b>Chapeau 1:<\/b> AS Roma, FC Porto, Glasgow Rangers, Feyenoord, <b>Lille<\/b>, Dinamo Zagreb, Betis S\u00e9ville, Salzbourg, Aston Villa<\/p>\n<p class=\"mb-4 text-lg md:leading-8 break-words\"><b>Chapeau 2:<\/b> Fenerbah\u00e7e, Braga, Etoile Rouge de Belgrade, <b>Lyon<\/b>, PAOK, Plzen, Ferencvaros, Celtic, Maccabi Tel Aviv<\/p>\n<p class=\"mb-4 text-lg md:leading-8 break-words\"><b>Chapeau 3: <\/b>Young Boys de Berne, B\u00e2le, Midtjylland, Fribourg, Ludogorets, Nottingham Forest, Sturm Graz, FCSB, <b>Nice<\/b><\/p>\n<p class=\"mb-4 text-lg md:leading-8 break-words\"><b>Chapeau 4: <\/b>Bologne, Celta Vigo, Stuttgart, Panathina\u00efkos, Malm\u00f6, Go Ahead Eagles, Utrecht, Genk, Brann<\/p>\n<p class=\"mb-4 text-lg md:leading-8 break-words\">La phase de ligue de la Ligue Europa d\u00e9butera les 24 et 25 septembre et s&rsquo;\u00e9tirera jusqu&rsquo;au 29 janvier 2026. Les huit premi\u00e8res \u00e9quipes seront directement qualifi\u00e9es pour les huiti\u00e8mes de finale, alors que les clubs class\u00e9s entre la 9e et la 24e place joueront des barrages aller-retour.<\/p>\n<p class=\"mb-4 text-lg md:leading-8 break-words\"><a href=\"https:\/\/rmcsport.bfmtv.com\/football\/europa-league\/ligue-europa-les-adversaires-potentiels-de-lille-l-ol-et-nice-pour-la-phase-de-ligue_AV-202508280838.html#xtor=AL-68\" rel=\"nofollow noopener\" target=\"_blank\" data-ylk=\"slk:Article original publi\u00e9 sur RMC Sport;elm:context_link;itc:0;sec:content-canvas\" class=\"link \">Article original publi\u00e9 sur RMC Sport<\/a><\/p>\n","protected":false},"excerpt":{"rendered":"Lille, Lyon et Nice vont bient\u00f4t savoir. Quelques heures apr\u00e8s le tirage cors\u00e9 r\u00e9serv\u00e9 aux clubs fran\u00e7ais en&hellip;\n","protected":false},"author":2,"featured_media":350874,"comment_status":"","ping_status":"","sticky":false,"template":"","format":"standard","meta":{"footnotes":""},"categories":[2815],"tags":[1111,11,784,48743,48741,1777,674,1011,27,811,447,5843,1307,2267,2428,12,17625,25,12500,16207,48742],"class_list":{"0":"post-350873","1":"post","2":"type-post","3":"status-publish","4":"format-standard","5":"has-post-thumbnail","7":"category-lille","8":"tag-actu","9":"tag-actualites","10":"tag-aston-villa","11":"tag-betis-seville","12":"tag-etoile-rouge-de-belgrade","13":"tag-eu","14":"tag-europe","15":"tag-fr","16":"tag-france","17":"tag-hauts-de-france","18":"tag-ligue-des-champions","19":"tag-ligue-europa","20":"tag-lille","21":"tag-losc","22":"tag-lyon","23":"tag-news","24":"tag-nottingham-forest","25":"tag-republique-francaise","26":"tag-stuttgart","27":"tag-tirage-au-sort","28":"tag-young-boys-de-berne"},"share_on_mastodon":{"url":"https:\/\/pubeurope.com\/@fr\/115109017861363317","error":""},"_links":{"self":[{"href":"https:\/\/www.europesays.com\/fr\/wp-json\/wp\/v2\/posts\/350873","targetHints":{"allow":["GET"]}}],"collection":[{"href":"https:\/\/www.europesays.com\/fr\/wp-json\/wp\/v2\/posts"}],"about":[{"href":"https:\/\/www.europesays.com\/fr\/wp-json\/wp\/v2\/types\/post"}],"author":[{"embeddable":true,"href":"https:\/\/www.europesays.com\/fr\/wp-json\/wp\/v2\/users\/2"}],"replies":[{"embeddable":true,"href":"https:\/\/www.europesays.com\/fr\/wp-json\/wp\/v2\/comments?post=350873"}],"version-history":[{"count":0,"href":"https:\/\/www.europesays.com\/fr\/wp-json\/wp\/v2\/posts\/350873\/revisions"}],"wp:featuredmedia":[{"embeddable":true,"href":"https:\/\/www.europesays.com\/fr\/wp-json\/wp\/v2\/media\/350874"}],"wp:attachment":[{"href":"https:\/\/www.europesays.com\/fr\/wp-json\/wp\/v2\/media?parent=350873"}],"wp:term":[{"taxonomy":"category","embeddable":true,"href":"https:\/\/www.europesays.com\/fr\/wp-json\/wp\/v2\/categories?post=350873"},{"taxonomy":"post_tag","embeddable":true,"href":"https:\/\/www.europesays.com\/fr\/wp-json\/wp\/v2\/tags?post=350873"}],"curies":[{"name":"wp","href":"https:\/\/api.w.org\/{rel}","templated":true}]}}