{"id":350875,"date":"2025-08-28T23:36:11","date_gmt":"2025-08-28T23:36:11","guid":{"rendered":"https:\/\/www.europesays.com\/fr\/350875\/"},"modified":"2025-08-28T23:36:11","modified_gmt":"2025-08-28T23:36:11","slug":"nouvelle-mise-en-demeure-pour-la-friche-legre-mante","status":"publish","type":"post","link":"https:\/\/www.europesays.com\/fr\/350875\/","title":{"rendered":"Nouvelle mise en demeure pour la friche Legr\u00e9-Mante"},"content":{"rendered":"\n<p>Huit mois apr\u00e8s <a href=\"https:\/\/www.lamarseillaise.fr\/environnement\/pollution-du-littoral-sud-l-etat-condamne-pour-ses-carences-IC17260877\" rel=\"nofollow noopener\" target=\"_blank\">une d\u00e9cision du tribunal administratif de Marseille<\/a> lui ordonnant de s\u00e9curiser le site de la friche industrielle de Legr\u00e9-Mante, \u00e0 la Madrague de Montredon (8e), la pr\u00e9fecture des Bouches-du-Rh\u00f4ne a de nouveau mis en demeure le propri\u00e9taire du site, la Soci\u00e9t\u00e9 fran\u00e7aise des produits tartriques Mante (SFPTM), \u00e0 travers un arr\u00eat\u00e9 publi\u00e9 ce mercredi. Lors d\u2019une visite du site lourdement pollu\u00e9, le 30\u00a0avril dernier, l\u2019inspection de l\u2019environnement a en effet constat\u00e9 \u00ab\u00a0des d\u00e9gradations locales des dispositifs de restriction d\u2019acc\u00e8s aux parcelles\u00a0\u00bb, et que \u00ab\u00a0la chemin\u00e9e rampante pr\u00e9sente sur le foncier de la SFPTM est accessible en plusieurs points du fait de d\u00e9gradations et de vandalisme sur les dispositifs en place\u00a0\u00bb, relate le nouvel arr\u00eat\u00e9 pr\u00e9fectoral. Des d\u00e9gradations d\u00e9j\u00e0 \u00e9voqu\u00e9es \u00e0 l\u2019audience, le 7\u00a0novembre dernier.<\/p>\n<p>La Pr\u00e9fecture donne donc trois\u00a0mois \u00e0 la soci\u00e9t\u00e9 pour r\u00e9parer ces cl\u00f4tures et interdire aussi bien l\u2019acc\u00e8s \u00e0 la plage situ\u00e9e au pied du crassier qu\u2019\u00e0 la chemin\u00e9e rampante. Il lui est aussi ordonn\u00e9 de produire, dans un d\u00e9lai de six\u00a0mois, une nouvelle note de synth\u00e8se sur le risque sanitaire global du site, \u00ab\u00a0pr\u00e9cisant les mesures correctives \u00e0 mettre en \u0153uvre le cas \u00e9ch\u00e9ant\u00a0\u00bb.<\/p>\n<p>Enfin, apr\u00e8s l\u2019annulation \u00e0 l\u2019\u00e9t\u00e9 2024 du permis pour la construction de 332\u00a0logements sur l\u2019ancienne friche, la pr\u00e9fecture demande que les plans et le calendrier du nouveau projet lui soient transmis avant le 31\u00a0octobre. Port\u00e9 une nouvelle fois par le fonds d\u2019investissement Ginkgo et le promoteur Constructa, celui-ci pr\u00e9voit d\u00e9sormais environ 130\u00a0logements. Le permis de construire a \u00e9t\u00e9 d\u00e9pos\u00e9 ces derniers jours, indique l\u2019adjoint (MadMars) \u00e0 l\u2019Urbanisme, \u00e9ric Mery.<\/p>\n","protected":false},"excerpt":{"rendered":"Huit mois apr\u00e8s une d\u00e9cision du tribunal administratif de Marseille lui ordonnant de s\u00e9curiser le site de la&hellip;\n","protected":false},"author":2,"featured_media":350876,"comment_status":"","ping_status":"","sticky":false,"template":"","format":"standard","meta":{"footnotes":""},"categories":[2814],"tags":[1111,11,885,1777,674,1011,27,884,12,882,25],"class_list":{"0":"post-350875","1":"post","2":"type-post","3":"status-publish","4":"format-standard","5":"has-post-thumbnail","7":"category-marseille","8":"tag-actu","9":"tag-actualites","10":"tag-bouches-du-rhone","11":"tag-eu","12":"tag-europe","13":"tag-fr","14":"tag-france","15":"tag-marseille","16":"tag-news","17":"tag-provence-alpes-cote-dazur","18":"tag-republique-francaise"},"share_on_mastodon":{"url":"https:\/\/pubeurope.com\/@fr\/115109021794079896","error":""},"_links":{"self":[{"href":"https:\/\/www.europesays.com\/fr\/wp-json\/wp\/v2\/posts\/350875","targetHints":{"allow":["GET"]}}],"collection":[{"href":"https:\/\/www.europesays.com\/fr\/wp-json\/wp\/v2\/posts"}],"about":[{"href":"https:\/\/www.europesays.com\/fr\/wp-json\/wp\/v2\/types\/post"}],"author":[{"embeddable":true,"href":"https:\/\/www.europesays.com\/fr\/wp-json\/wp\/v2\/users\/2"}],"replies":[{"embeddable":true,"href":"https:\/\/www.europesays.com\/fr\/wp-json\/wp\/v2\/comments?post=350875"}],"version-history":[{"count":0,"href":"https:\/\/www.europesays.com\/fr\/wp-json\/wp\/v2\/posts\/350875\/revisions"}],"wp:featuredmedia":[{"embeddable":true,"href":"https:\/\/www.europesays.com\/fr\/wp-json\/wp\/v2\/media\/350876"}],"wp:attachment":[{"href":"https:\/\/www.europesays.com\/fr\/wp-json\/wp\/v2\/media?parent=350875"}],"wp:term":[{"taxonomy":"category","embeddable":true,"href":"https:\/\/www.europesays.com\/fr\/wp-json\/wp\/v2\/categories?post=350875"},{"taxonomy":"post_tag","embeddable":true,"href":"https:\/\/www.europesays.com\/fr\/wp-json\/wp\/v2\/tags?post=350875"}],"curies":[{"name":"wp","href":"https:\/\/api.w.org\/{rel}","templated":true}]}}