{"id":350879,"date":"2025-08-28T23:38:18","date_gmt":"2025-08-28T23:38:18","guid":{"rendered":"https:\/\/www.europesays.com\/fr\/350879\/"},"modified":"2025-08-28T23:38:18","modified_gmt":"2025-08-28T23:38:18","slug":"vaulx-en-velin-renforce-son-engagement-pour-la-gratuite-de-lecole-publique","status":"publish","type":"post","link":"https:\/\/www.europesays.com\/fr\/350879\/","title":{"rendered":"Vaulx-en-Velin renforce son engagement pour la gratuit\u00e9 de l\u2019\u00e9cole publique"},"content":{"rendered":"<p itemprop=\"description\"><strong>La Ville de Vaulx-en-Velin veut aider au maximum ses \u00e9l\u00e8ves.<\/strong><\/p>\n<p>Il ne reste plus que quelques jours avant le retour, tant redout\u00e9 pour certains, des enfants dans les \u00e9coles.<\/p>\n<p>Ce lundi 1er septembre, les \u00e9coliers et parents d\u2019\u00e9l\u00e8ves des \u00e9tablissements scolaires de Vaulx-en-Velin vont pouvoir \u00eatre soulag\u00e9s. En effet, au sein d\u2019un communiqu\u00e9 publi\u00e9 ce jeudi, la municipalit\u00e9 a confirm\u00e9 son envie de continuer de rendre l\u2019\u00e9cole publique gratuite.<\/p>\n<p>\u00ab\u00a0Dans un contexte institutionnel et financier incertain, la Ville a fait le choix de ne pas augmenter les tarifs de la restauration scolaire, des accueils du matin, du soir, des mercredis et des vacances scolaires. Dans le m\u00eame temps, les moyens d\u00e9di\u00e9s aux fournitures scolaires, sont maintenus\u00a0\u00bb, peut-on lire. De plus, tous les enfants scolaris\u00e9s dans les \u00e9coles \u00e9l\u00e9mentaires recevront un kit complet, sur recommandation du minist\u00e8re de l\u2019\u00c9ducation nationale.<\/p>\n<p>Autre point important \u00e9voqu\u00e9 par la Ville de Vaulx-en-Velin, le r\u00e9cent vote d\u2019une enveloppe compl\u00e9mentaire, par le conseil municipal, distribuant 36 euros par \u00e9l\u00e8ve. Celle-ci va co\u00fbter 29 000 euros \u00e0 la municipalit\u00e9. \u00ab\u00a0\u00c0 travers ce dispositif, nous r\u00e9affirmons une conviction : l\u2019\u00e9cole doit rester un lieu d\u2019\u00e9galit\u00e9, de r\u00e9ussite et d\u2019\u00e9mancipation. En accompagnant les familles et en donnant \u00e0 chaque \u00e9l\u00e8ve les m\u00eames moyens pour bien commencer l\u2019ann\u00e9e, nous faisons le choix de l\u2019avenir\u00a0\u00bb, a d\u00e9clar\u00e9 H\u00e9l\u00e8ne Geoffroy, l\u2019\u00e9dile PS de la commune de l\u2019Est lyonnais.<\/p>\n<p>\u00c0 noter qu\u2019une distribution gratuite de fournitures scolaires est organis\u00e9e, ce samedi 30 ao\u00fbt, de 9h \u00e0 13h, \u00e0 l\u2019H\u00f4tel de Ville et \u00e0 la Maire Annexe.<\/p>\n","protected":false},"excerpt":{"rendered":"La Ville de Vaulx-en-Velin veut aider au maximum ses \u00e9l\u00e8ves. Il ne reste plus que quelques jours avant&hellip;\n","protected":false},"author":2,"featured_media":350880,"comment_status":"","ping_status":"","sticky":false,"template":"","format":"standard","meta":{"footnotes":""},"categories":[1889],"tags":[1111,11,2813,2190,2430,1109,251,1112,2811,1777,674,118,1011,27,1922,1110,1114,2428,2810,12,241,316,25,2812,517,800],"class_list":{"0":"post-350879","1":"post","2":"type-post","3":"status-publish","4":"format-standard","5":"has-post-thumbnail","7":"category-lyon","8":"tag-actu","9":"tag-actualites","10":"tag-article","11":"tag-asvel","12":"tag-auvergne-rhone-alpes","13":"tag-breves","14":"tag-culture","15":"tag-depeches","16":"tag-economique","17":"tag-eu","18":"tag-europe","19":"tag-faits-divers","20":"tag-fr","21":"tag-france","22":"tag-info","23":"tag-informations","24":"tag-infos","25":"tag-lyon","26":"tag-lyonmag","27":"tag-news","28":"tag-ol","29":"tag-politique","30":"tag-republique-francaise","31":"tag-sociale","32":"tag-sport","33":"tag-transports"},"share_on_mastodon":{"url":"https:\/\/pubeurope.com\/@fr\/115109029700079859","error":""},"_links":{"self":[{"href":"https:\/\/www.europesays.com\/fr\/wp-json\/wp\/v2\/posts\/350879","targetHints":{"allow":["GET"]}}],"collection":[{"href":"https:\/\/www.europesays.com\/fr\/wp-json\/wp\/v2\/posts"}],"about":[{"href":"https:\/\/www.europesays.com\/fr\/wp-json\/wp\/v2\/types\/post"}],"author":[{"embeddable":true,"href":"https:\/\/www.europesays.com\/fr\/wp-json\/wp\/v2\/users\/2"}],"replies":[{"embeddable":true,"href":"https:\/\/www.europesays.com\/fr\/wp-json\/wp\/v2\/comments?post=350879"}],"version-history":[{"count":0,"href":"https:\/\/www.europesays.com\/fr\/wp-json\/wp\/v2\/posts\/350879\/revisions"}],"wp:featuredmedia":[{"embeddable":true,"href":"https:\/\/www.europesays.com\/fr\/wp-json\/wp\/v2\/media\/350880"}],"wp:attachment":[{"href":"https:\/\/www.europesays.com\/fr\/wp-json\/wp\/v2\/media?parent=350879"}],"wp:term":[{"taxonomy":"category","embeddable":true,"href":"https:\/\/www.europesays.com\/fr\/wp-json\/wp\/v2\/categories?post=350879"},{"taxonomy":"post_tag","embeddable":true,"href":"https:\/\/www.europesays.com\/fr\/wp-json\/wp\/v2\/tags?post=350879"}],"curies":[{"name":"wp","href":"https:\/\/api.w.org\/{rel}","templated":true}]}}