{"id":350881,"date":"2025-08-28T23:39:11","date_gmt":"2025-08-28T23:39:11","guid":{"rendered":"https:\/\/www.europesays.com\/fr\/350881\/"},"modified":"2025-08-28T23:39:11","modified_gmt":"2025-08-28T23:39:11","slug":"previsions-du-vendredi-29-aout-2025-8","status":"publish","type":"post","link":"https:\/\/www.europesays.com\/fr\/350881\/","title":{"rendered":"pr\u00e9visions du vendredi 29 ao\u00fbt 2025"},"content":{"rendered":"<p>Aujourd&rsquo;hui, on anticipe pour Lyon des valeurs d&rsquo;environ 18\u00b0C. Une l\u00e9g\u00e8re brise de sud-ouest soufflera. La matin\u00e9e qui s&rsquo;annonce, promet d&rsquo;\u00eatre superbe et ensoleill\u00e9e ! L&rsquo;apr\u00e8s-midi, on verra l&rsquo;apparition de nuages. Il faudra s&rsquo;attendre \u00e0 des perturbations, les Lyonnais se retrouveront sous des pluies \u00e9parses. Les temp\u00e9ratures seront comprises entre 17 et 21\u00b0C. Des pluies \u00e9parses vont tomber tout au long de la soir\u00e9e. Le thermom\u00e8tre affichera 16\u00b0C en moyenne. Un ciel clair est \u00e0 pr\u00e9voir dans la nuit entre vendredi et samedi.<\/p>\n<p>Pour Lyon, un temps plus chaud est attendu demain \u00e9tant donn\u00e9 que le mercure va enregistrer une hausse. Les valeurs afficheront entre 13 et 24\u00b0C. Un modeste vent de sud-ouest sera ressenti par les habitants. De l\u00e9gers nuages dans le ciel du matin retardent l&rsquo;arriv\u00e9e du soleil. Il fera environ 18\u00b0C. Demain apr\u00e8s-midi, les Lyonnais vont pouvoir profiter d&rsquo;un soleil magnifique. Les temp\u00e9ratures vont monter de plusieurs degr\u00e9s. Les valeurs s&rsquo;\u00e9chelonneront de 23 \u00e0 24\u00b0C. Le ciel sera relativement lumineux, avec quelques \u00e9claircies demain soir.<\/p>\n<p>Les conditions m\u00e9t\u00e9orologiques des journ\u00e9es qui suivent vont changer peu \u00e0 peu. M\u00eame si le beau temps se maintiendra un peu dimanche, il faut s&rsquo;attendre \u00e0 une d\u00e9gradation ensuite.<\/p>\n<p><\/p>\n","protected":false},"excerpt":{"rendered":"Aujourd&rsquo;hui, on anticipe pour Lyon des valeurs d&rsquo;environ 18\u00b0C. Une l\u00e9g\u00e8re brise de sud-ouest soufflera. La matin\u00e9e qui&hellip;\n","protected":false},"author":2,"featured_media":350882,"comment_status":"","ping_status":"","sticky":false,"template":"","format":"standard","meta":{"footnotes":""},"categories":[1889],"tags":[1111,11,2430,1777,674,1011,27,2428,12,2119,25,2429,2431],"class_list":{"0":"post-350881","1":"post","2":"type-post","3":"status-publish","4":"format-standard","5":"has-post-thumbnail","7":"category-lyon","8":"tag-actu","9":"tag-actualites","10":"tag-auvergne-rhone-alpes","11":"tag-eu","12":"tag-europe","13":"tag-fr","14":"tag-france","15":"tag-lyon","16":"tag-news","17":"tag-previsions-meteo","18":"tag-republique-francaise","19":"tag-rhone","20":"tag-rhone-alpes"},"share_on_mastodon":{"url":"https:\/\/pubeurope.com\/@fr\/115109033602789168","error":""},"_links":{"self":[{"href":"https:\/\/www.europesays.com\/fr\/wp-json\/wp\/v2\/posts\/350881","targetHints":{"allow":["GET"]}}],"collection":[{"href":"https:\/\/www.europesays.com\/fr\/wp-json\/wp\/v2\/posts"}],"about":[{"href":"https:\/\/www.europesays.com\/fr\/wp-json\/wp\/v2\/types\/post"}],"author":[{"embeddable":true,"href":"https:\/\/www.europesays.com\/fr\/wp-json\/wp\/v2\/users\/2"}],"replies":[{"embeddable":true,"href":"https:\/\/www.europesays.com\/fr\/wp-json\/wp\/v2\/comments?post=350881"}],"version-history":[{"count":0,"href":"https:\/\/www.europesays.com\/fr\/wp-json\/wp\/v2\/posts\/350881\/revisions"}],"wp:featuredmedia":[{"embeddable":true,"href":"https:\/\/www.europesays.com\/fr\/wp-json\/wp\/v2\/media\/350882"}],"wp:attachment":[{"href":"https:\/\/www.europesays.com\/fr\/wp-json\/wp\/v2\/media?parent=350881"}],"wp:term":[{"taxonomy":"category","embeddable":true,"href":"https:\/\/www.europesays.com\/fr\/wp-json\/wp\/v2\/categories?post=350881"},{"taxonomy":"post_tag","embeddable":true,"href":"https:\/\/www.europesays.com\/fr\/wp-json\/wp\/v2\/tags?post=350881"}],"curies":[{"name":"wp","href":"https:\/\/api.w.org\/{rel}","templated":true}]}}