{"id":350891,"date":"2025-08-28T23:45:14","date_gmt":"2025-08-28T23:45:14","guid":{"rendered":"https:\/\/www.europesays.com\/fr\/350891\/"},"modified":"2025-08-28T23:45:14","modified_gmt":"2025-08-28T23:45:14","slug":"municipales-a-paris-un-accord-dati-barnier-pour-sauver-lunite-des-republicains","status":"publish","type":"post","link":"https:\/\/www.europesays.com\/fr\/350891\/","title":{"rendered":"Municipales \u00e0 Paris : un accord Dati-Barnier pour sauver l\u2019unit\u00e9 des R\u00e9publicains"},"content":{"rendered":"<p>                                            Politique\n                                                                            <\/p>\n<p>\n                                            Les R\u00e9publicains ont investi, jeudi 28 ao\u00fbt, Rachida Dati pour les municipales \u00e0 Paris, en \u00e9change du retrait de sa candidature \u00e0 la l\u00e9gislative partielle de septembre face \u00e0 Michel Barnier. Ce compromis \u00e9vite un duel fratricide et resserre les rangs au sein de la droite LR.                                        <\/p>\n<p>                                                Publi\u00e9 le 28 ao\u00fbt 2025 \u00e0 22h30                                                                                            <\/p>\n<p>                                            <img loading=\"lazy\" width=\"1024\" height=\"731\" src=\"https:\/\/www.europesays.com\/fr\/wp-content\/uploads\/2025\/08\/SIPA_01036602_000012-1.jpg\" class=\"attachment-post-thumbnail size-post-thumbnail wp-post-image lazy\" alt=\"Rachida Dati et Michel Barnier rencontrent Les Jeunes Republicains au Parc Floral de Paris le 4 septembre 2021 \u00a9 Jacques Witt\/SIPA\" decoding=\"async\"  data-\/><\/p>\n<p>                                            Rachida Dati et Michel Barnier rencontrent Les Jeunes Republicains au Parc Floral de Paris le 4 septembre 2021 \u00a9 Jacques Witt\/SIPA<\/p>\n<p class=\"p1\">Accord scell\u00e9, tensions refroidies. R\u00e9unis jeudi soir, les cadres de la droite LR ont officiellement investi <a href=\"https:\/\/www.valeursactuelles.com\/politique\/la-patron-de-lina-laurent-vallet-suspendu-immediatement-par-rachida-dati-apres-avoir-achete-de-la-cocaine\" target=\"_blank\" rel=\"noopener\">Rachida Dati<\/a>, maire du VIIe arrondissement, pour mener la campagne parisienne des municipales en 2026, rapporte <a href=\"https:\/\/www.leparisien.fr\/politique\/cest-gagnant-gagnant-les-republicains-trouvent-un-accord-dati-barnier-pour-les-elections-a-paris-et-evitent-le-psychodrame-28-08-2025-MUJ7OF4TGNABDFDFWUNA7GBVSY.php\" target=\"_blank\" rel=\"nofollow noopener\">Le Parisien<\/a> ce jeudi 28 ao\u00fbt. En contrepartie, <a href=\"https:\/\/www.valeursactuelles.com\/politique\/jaurais-le-scalp-dernotte-avant-de-partir-du-ministere-de-la-culture-rachida-dati-furieuse-contre-france-television-apres-une-enquete-la-visant\" target=\"_blank\" rel=\"noopener\">l\u2019actuelle ministre de la Culture<\/a> a accept\u00e9 de renoncer \u00e0 la l\u00e9gislative partielle de septembre, o\u00f9 <a href=\"https:\/\/www.valeursactuelles.com\/politique\/municipales-2026-michel-barnier-pret-a-soutenir-rachida-dati-pour-la-mairie-de-paris\" target=\"_blank\" rel=\"noopener\">Michel Barnier<\/a> est d\u00e9j\u00e0 d\u00e9sign\u00e9. \u00ab Un combat politique majeur s\u2019ouvre devant nous \u00e0 Paris ! \u00bb, a-t-elle d\u00e9clar\u00e9, tandis que la direction du parti saluait un compromis \u00ab gagnant-gagnant \u00bb.<\/p>\n<p><a href=\"https:\/\/www.valeursactuelles.com\/politique\/municipales-2026-la-securite-enjeu-numero-un-pour-les-francais\" class=\"h-flex h-align-items-center h-border-tb h-ptb-15\" target=\"_blank\" rel=\"noopener\">A\u00a0LIRE\u00a0Municipales 2026 : la s\u00e9curit\u00e9, enjeu num\u00e9ro un pour les Fran\u00e7ais<\/a><\/p>\n<p class=\"p1\">L\u2019accord conf\u00e8re \u00e0 Rachida Dati le contr\u00f4le de sa liste, qu\u2019elle envisage d\u2019ouvrir \u00e0 des partenaires macronistes. \u00ab Rachida Dati tient le haut du pav\u00e9 dans les sondages depuis plus de trois ans \u00bb, rappelle le s\u00e9nateur Roger Karoutchi. \u00ab C\u2019est la seule \u00e0 m\u00eame de permettre \u00e0 la droite de l\u2019emporter \u00bb, affirme Agn\u00e8s Evren, pr\u00e9sidente de la f\u00e9d\u00e9ration LR de Paris, au Parisien.<\/p>\n<p>Un compromis scell\u00e9 avec Bruno Retailleau<\/p>\n<p class=\"p1\">Cette investiture solde une p\u00e9riode de vives tensions. L\u2019entr\u00e9e de Rachida Dati au gouvernement en 2024 avait provoqu\u00e9 son exclusion symbolique par Eric Ciotti, et son soutien aux macronistes aux europ\u00e9ennes avait accentu\u00e9 les crispations internes. L\u2019annonce de l\u2019investiture de Michel Barnier, le 28 juillet, sur une circonscription recoupant son bastion, avait \u00e9t\u00e9 per\u00e7ue comme une man\u0153uvre de court-circuitage.<\/p>\n<p class=\"p1\">Les n\u00e9gociations se sont intensifi\u00e9es en coulisses tout l\u2019\u00e9t\u00e9, indique Le Parisien. Rachida Dati martelait qu\u2019elle serait \u00ab candidate quoi qu\u2019il arrive \u00bb \u00e0 la partielle. Finalement, un compromis a \u00e9t\u00e9 scell\u00e9 avec Bruno Retailleau : la ministre de la Culture m\u00e8ne la campagne municipale, LR conserve la majorit\u00e9 des postes \u00e9ligibles, et les deux camps s\u2019engagent \u00e0 un soutien r\u00e9ciproque pour la l\u00e9gislative partielle.<\/p>\n","protected":false},"excerpt":{"rendered":"Politique Les R\u00e9publicains ont investi, jeudi 28 ao\u00fbt, Rachida Dati pour les municipales \u00e0 Paris, en \u00e9change du&hellip;\n","protected":false},"author":2,"featured_media":350892,"comment_status":"","ping_status":"","sticky":false,"template":"","format":"standard","meta":{"footnotes":""},"categories":[1888],"tags":[11,4188,1777,674,1011,27,2381,27636,12,626,417,25],"class_list":{"0":"post-350891","1":"post","2":"type-post","3":"status-publish","4":"format-standard","5":"has-post-thumbnail","7":"category-paris","8":"tag-actualites","9":"tag-elections-municipales","10":"tag-eu","11":"tag-europe","12":"tag-fr","13":"tag-france","14":"tag-mairie-de-paris","15":"tag-michel-barnier","16":"tag-news","17":"tag-paris","18":"tag-rachida-dati","19":"tag-republique-francaise"},"share_on_mastodon":{"url":"https:\/\/pubeurope.com\/@fr\/115109057724361203","error":""},"_links":{"self":[{"href":"https:\/\/www.europesays.com\/fr\/wp-json\/wp\/v2\/posts\/350891","targetHints":{"allow":["GET"]}}],"collection":[{"href":"https:\/\/www.europesays.com\/fr\/wp-json\/wp\/v2\/posts"}],"about":[{"href":"https:\/\/www.europesays.com\/fr\/wp-json\/wp\/v2\/types\/post"}],"author":[{"embeddable":true,"href":"https:\/\/www.europesays.com\/fr\/wp-json\/wp\/v2\/users\/2"}],"replies":[{"embeddable":true,"href":"https:\/\/www.europesays.com\/fr\/wp-json\/wp\/v2\/comments?post=350891"}],"version-history":[{"count":0,"href":"https:\/\/www.europesays.com\/fr\/wp-json\/wp\/v2\/posts\/350891\/revisions"}],"wp:featuredmedia":[{"embeddable":true,"href":"https:\/\/www.europesays.com\/fr\/wp-json\/wp\/v2\/media\/350892"}],"wp:attachment":[{"href":"https:\/\/www.europesays.com\/fr\/wp-json\/wp\/v2\/media?parent=350891"}],"wp:term":[{"taxonomy":"category","embeddable":true,"href":"https:\/\/www.europesays.com\/fr\/wp-json\/wp\/v2\/categories?post=350891"},{"taxonomy":"post_tag","embeddable":true,"href":"https:\/\/www.europesays.com\/fr\/wp-json\/wp\/v2\/tags?post=350891"}],"curies":[{"name":"wp","href":"https:\/\/api.w.org\/{rel}","templated":true}]}}