{"id":350897,"date":"2025-08-28T23:48:13","date_gmt":"2025-08-28T23:48:13","guid":{"rendered":"https:\/\/www.europesays.com\/fr\/350897\/"},"modified":"2025-08-28T23:48:13","modified_gmt":"2025-08-28T23:48:13","slug":"trump-prepare-une-vaste-operation-anti-immigration-a-chicago","status":"publish","type":"post","link":"https:\/\/www.europesays.com\/fr\/350897\/","title":{"rendered":"Trump pr\u00e9pare une vaste op\u00e9ration anti-immigration \u00e0 Chicago"},"content":{"rendered":"<p class=\"mb-4 text-lg md:leading-8 break-words\"><strong>NETTOYAGE &#8211; Sur ordre de Trump, des agents de l\u2019ICE, de la CBP et des renforts f\u00e9d\u00e9raux pourraient \u00eatre d\u00e9ploy\u00e9s \u00e0 Chicago, avec un appui \u00e9ventuel de la Garde nationale<\/strong><\/p>\n<p class=\"mb-4 text-lg md:leading-8 break-words\">Le pr\u00e9sident <a href=\"https:\/\/www.20minutes.fr\/dossier\/donald_trump?at_medium=RSS%20feed&amp;at_campaign=ynews&amp;utm_source=yahoo&amp;utm_medium=rss&amp;utm_campaign=news_feed&amp;utm_content=in_article_link\" rel=\"nofollow noopener\" target=\"_blank\" data-ylk=\"slk:Donald Trump;elm:context_link;itc:0;sec:content-canvas\" class=\"link \">Donald Trump<\/a> envisage de lancer d\u00e8s la semaine prochaine une op\u00e9ration de grande ampleur contre l\u2019<a href=\"https:\/\/www.20minutes.fr\/dossier\/immigration_clandestine?at_medium=RSS%20feed&amp;at_campaign=ynews&amp;utm_source=yahoo&amp;utm_medium=rss&amp;utm_campaign=news_feed&amp;utm_content=in_article_link\" rel=\"nofollow noopener\" target=\"_blank\" data-ylk=\"slk:immigration ill\u00e9gale;elm:context_link;itc:0;sec:content-canvas\" class=\"link \">immigration ill\u00e9gale<\/a> \u00e0 Chicago, rapporte <a href=\"https:\/\/www.20minutes.fr\/dossier\/cnn?at_medium=RSS%20feed&amp;at_campaign=ynews&amp;utm_source=yahoo&amp;utm_medium=rss&amp;utm_campaign=news_feed&amp;utm_content=in_article_link\" rel=\"nofollow noopener\" target=\"_blank\" data-ylk=\"slk:CNN;elm:context_link;itc:0;sec:content-canvas\" class=\"link \">CNN<\/a>, citant plusieurs sources proches du dossier. Cette initiative marque une nouvelle confrontation entre la Maison-Blanche et une ville d\u00e9mocrate connue pour ses politiques de protection des migrants.<\/p>\n<p class=\"mb-4 text-lg md:leading-8 break-words\">Depuis son arriv\u00e9e au pouvoir, Donald Trump a fait de <a href=\"https:\/\/www.20minutes.fr\/dossier\/chicago?at_medium=RSS%20feed&amp;at_campaign=ynews&amp;utm_source=yahoo&amp;utm_medium=rss&amp;utm_campaign=news_feed&amp;utm_content=in_article_link\" rel=\"nofollow noopener\" target=\"_blank\" data-ylk=\"slk:Chicago;elm:context_link;itc:0;sec:content-canvas\" class=\"link \">Chicago<\/a> une cible r\u00e9currente, d\u00e9non\u00e7ant ses r\u00e8gles dites de \u00ab\u00a0sanctuaire\u00a0\u00bb qui limitent la coop\u00e9ration entre la police locale et les services f\u00e9d\u00e9raux. L\u2019administration avait d\u00e9j\u00e0 tent\u00e9 de couper certains financements f\u00e9d\u00e9raux \u00e0 la ville, mais la justice avait bloqu\u00e9 cette d\u00e9marche.<\/p>\n<p>Des op\u00e9rations calqu\u00e9es sur Los Angeles<\/p>\n<p class=\"mb-4 text-lg md:leading-8 break-words\">Cette fois, les pr\u00e9paratifs s\u2019annoncent d\u2019une autre ampleur\u00a0: d\u00e9ploiement d\u2019agents de l\u2019<a href=\"https:\/\/www.ice.gov?at_medium=RSS%20feed&amp;at_campaign=ynews&amp;utm_source=yahoo&amp;utm_medium=rss&amp;utm_campaign=news_feed&amp;utm_content=in_article_link\" rel=\"nofollow noopener\" target=\"_blank\" data-ylk=\"slk:Immigration and Customs Enforcement (ICE);elm:context_link;itc:0;sec:content-canvas\" class=\"link \">Immigration and Customs Enforcement (ICE)<\/a>, de la Customs and Border Protection (CBP), renforts f\u00e9d\u00e9raux et m\u00eame un appui potentiel de la Garde nationale. Selon CNN, des v\u00e9hicules blind\u00e9s doivent \u00eatre achemin\u00e9s vers la ville et les premiers agents suppl\u00e9mentaires pourraient arriver d\u00e8s vendredi 5\u00a0septembre.<\/p>\n<p class=\"mb-4 text-lg md:leading-8 break-words\">Le mod\u00e8le retenu est celui de Los Angeles, o\u00f9 le D\u00e9partement de la S\u00e9curit\u00e9 int\u00e9rieure (DHS) revendique 5.000 arrestations depuis juin. Gregory Bovino, d\u00e9j\u00e0 charg\u00e9 des op\u00e9rations en Californie, doit prendre la t\u00eate du dispositif \u00e0 Chicago. \u00ab\u00a0Vous pouvez vous attendre \u00e0 une mont\u00e9e en puissance de l\u2019op\u00e9ration \u00e0 Chicago, absolument\u00a0\u00bb, a confirm\u00e9 Tom Homan, coordinateur (&#8230;)<\/p>\n<p class=\"mb-4 text-lg md:leading-8 break-words\"><a href=\"https:\/\/www.20minutes.fr\/monde\/etats-unis\/4170082-20250829-etats-unis-trump-prepare-vaste-operation-anti-immigration-chicago?at_medium=RSS%20feed&amp;at_campaign=ynews&amp;utm_source=yahoo&amp;utm_medium=rss&amp;utm_campaign=news_feed&amp;utm_content=read_more_link&quot;\" rel=\"nofollow noopener\" target=\"_blank\" data-ylk=\"slk:Lire la suite sur 20minutes;elm:context_link;itc:0;sec:content-canvas\" class=\"link \">Lire la suite sur 20minutes<\/a><\/p>\n<p>\u00c0 lire aussi :<br \/><a href=\"https:\/\/www.20minutes.fr\/monde\/etats-unis\/4169144-20250823-etats-unis-apres-washington-trump-veut-faire-menage-chicago-new-york-envoyant-garde-nationale?at_medium=RSS%20feed&amp;at_campaign=ynews&amp;utm_source=yahoo&amp;utm_medium=rss&amp;utm_campaign=news_feed&amp;utm_content=related_content_link\" rel=\"nofollow noopener\" target=\"_blank\" data-ylk=\"slk:Etats-Unis\u00a0: Apr\u00e8s Washington, Trump veut faire le m\u00e9nage \u00e0 Chicago et New York en envoyant la Garde nationale;elm:context_link;itc:0;sec:content-canvas\" class=\"link \">Etats-Unis\u00a0: Apr\u00e8s Washington, Trump veut faire le m\u00e9nage \u00e0 Chicago et New York en envoyant la Garde nationale<\/a><br \/><a href=\"https:\/\/www.20minutes.fr\/monde\/etats-unis\/4168603-20250819-etats-unis-trump-durcit-immigration-controle-reseaux-sociaux-idees-antiamericaines?at_medium=RSS%20feed&amp;at_campaign=ynews&amp;utm_source=yahoo&amp;utm_medium=rss&amp;utm_campaign=news_feed&amp;utm_content=related_content_link\" rel=\"nofollow noopener\" target=\"_blank\" data-ylk=\"slk:Etats-Unis\u00a0: Trump durcit l\u2019immigration avec un contr\u00f4le des r\u00e9seaux sociaux et des id\u00e9es \u00ab\u00a0antiam\u00e9ricaines\u00a0\u00bb;elm:context_link;itc:0;sec:content-canvas\" class=\"link \">Etats-Unis\u00a0: Trump durcit l\u2019immigration avec un contr\u00f4le des r\u00e9seaux sociaux et des id\u00e9es \u00ab\u00a0antiam\u00e9ricaines\u00a0\u00bb<\/a><\/p>\n","protected":false},"excerpt":{"rendered":"NETTOYAGE &#8211; Sur ordre de Trump, des agents de l\u2019ICE, de la CBP et des renforts f\u00e9d\u00e9raux pourraient&hellip;\n","protected":false},"author":2,"featured_media":350898,"comment_status":"","ping_status":"","sticky":false,"template":"","format":"standard","meta":{"footnotes":""},"categories":[1589],"tags":[11,48745,17005,73,1866,42826,12,467,1864,1865,1863,308],"class_list":{"0":"post-350897","1":"post","2":"type-post","3":"status-publish","4":"format-standard","5":"has-post-thumbnail","7":"category-etats-unis","8":"tag-actualites","9":"tag-cbp","10":"tag-chicago","11":"tag-etats-unis","12":"tag-etats-unis-damerique","13":"tag-garde-nationale","14":"tag-news","15":"tag-trump","16":"tag-united-states","17":"tag-united-states-of-america","18":"tag-us","19":"tag-usa"},"share_on_mastodon":{"url":"https:\/\/pubeurope.com\/@fr\/115109069044829293","error":""},"_links":{"self":[{"href":"https:\/\/www.europesays.com\/fr\/wp-json\/wp\/v2\/posts\/350897","targetHints":{"allow":["GET"]}}],"collection":[{"href":"https:\/\/www.europesays.com\/fr\/wp-json\/wp\/v2\/posts"}],"about":[{"href":"https:\/\/www.europesays.com\/fr\/wp-json\/wp\/v2\/types\/post"}],"author":[{"embeddable":true,"href":"https:\/\/www.europesays.com\/fr\/wp-json\/wp\/v2\/users\/2"}],"replies":[{"embeddable":true,"href":"https:\/\/www.europesays.com\/fr\/wp-json\/wp\/v2\/comments?post=350897"}],"version-history":[{"count":0,"href":"https:\/\/www.europesays.com\/fr\/wp-json\/wp\/v2\/posts\/350897\/revisions"}],"wp:featuredmedia":[{"embeddable":true,"href":"https:\/\/www.europesays.com\/fr\/wp-json\/wp\/v2\/media\/350898"}],"wp:attachment":[{"href":"https:\/\/www.europesays.com\/fr\/wp-json\/wp\/v2\/media?parent=350897"}],"wp:term":[{"taxonomy":"category","embeddable":true,"href":"https:\/\/www.europesays.com\/fr\/wp-json\/wp\/v2\/categories?post=350897"},{"taxonomy":"post_tag","embeddable":true,"href":"https:\/\/www.europesays.com\/fr\/wp-json\/wp\/v2\/tags?post=350897"}],"curies":[{"name":"wp","href":"https:\/\/api.w.org\/{rel}","templated":true}]}}