{"id":350899,"date":"2025-08-28T23:49:11","date_gmt":"2025-08-28T23:49:11","guid":{"rendered":"https:\/\/www.europesays.com\/fr\/350899\/"},"modified":"2025-08-28T23:49:11","modified_gmt":"2025-08-28T23:49:11","slug":"leconomie-americaine-defie-les-attentes-le-royaume-uni-fait-face-a-une-corde-raide-selon-michael-martin-de-tradingblock-actualites-tradingview","status":"publish","type":"post","link":"https:\/\/www.europesays.com\/fr\/350899\/","title":{"rendered":"L\u2019\u00e9conomie am\u00e9ricaine d\u00e9fie les attentes, le Royaume-Uni fait face \u00e0 une corde raide, selon Michael Martin de TradingBlock \u2014 Actualit\u00e9s TradingView"},"content":{"rendered":"<p><img decoding=\"async\" style=\"background-color:#7e7e72\" alt=\"\" src=\"https:\/\/www.europesays.com\/fr\/wp-content\/uploads\/2025\/08\/invezz:e82d88219b858-fc0451fff131bcb5348bd8a4bed1199a-resized.jpeg\" role=\"presentation\" loading=\"lazy\" class=\"image-gDIex6UB image-S5VA5POt\"\/><\/p>\n<p class=\"\">Contrairement aux pr\u00e9dictions largement r\u00e9pandues, l\u2019\u00e9conomie am\u00e9ricaine a d\u00e9fi\u00e9 les attentes de ralentissement des droits de douane et de l\u2019inflation, une r\u00e9silience qui remet en question les id\u00e9es re\u00e7ues, selon Michael Martin, vice-pr\u00e9sident de la strat\u00e9gie de march\u00e9 de TradingBlock, m\u00eame s\u2019il met en garde contre la position budg\u00e9taire pr\u00e9caire du Royaume-Uni.<\/p>\n<p class=\"\">Martin a partag\u00e9 son point de vue sur l\u2019\u00e9tat actuel de l\u2019\u00e9conomie mondiale dans une interview avec Invezz. Fort d\u2019une vaste exp\u00e9rience des march\u00e9s financiers, Martin a apport\u00e9 une perspective nuanc\u00e9e sur les d\u00e9fis et les opportunit\u00e9s qui l\u2019attendent.<\/p>\n<p class=\"\">Son analyse est particuli\u00e8rement pertinente alors que les \u00e9conomies du monde entier sont aux prises avec des dynamiques changeantes et des incertitudes.<img decoding=\"async\" style=\"background-color:#7e736f\" alt=\"\" src=\"https:\/\/www.europesays.com\/fr\/wp-content\/uploads\/2025\/08\/invezz:e82d88219b858-7d39c7d48777eb5908df0b27e672728a-resized.jpeg\" role=\"presentation\" loading=\"lazy\" class=\"image-gDIex6UB image-S5VA5POt\"\/><\/p>\n<p class=\"\"><strong class=\"root-Tkn6WL2y\">La r\u00e9silience de l\u2019\u00e9conomie am\u00e9ricaine<\/strong><\/p>\n<p class=\"\">Martin a abord\u00e9 les complexit\u00e9s de l\u2019\u00e9conomie mondiale, en particulier \u00e0 la lumi\u00e8re des r\u00e9cents changements dans la performance \u00e9conomique des \u00c9tats-Unis.<\/p>\n<p class=\"\">\u00ab L\u2019\u00e9conomie mondiale est aujourd\u2019hui extr\u00eamement complexe et de plus en plus pr\u00e9caire \u00bb, a-t-il d\u00e9clar\u00e9.<\/p>\n<p class=\"\">Il a soulign\u00e9 qu\u2019une grande partie du paysage \u00e9conomique actuel d\u00e9pend des d\u00e9cisions politiques am\u00e9ricaines, qui peuvent changer rapidement.<\/p>\n<p class=\"\">Malgr\u00e9 les pr\u00e9dictions g\u00e9n\u00e9ralis\u00e9es de ralentissements \u00e9conomiques dus aux tarifs douaniers et \u00e0 l\u2019inflation, M. Martin a not\u00e9 que l\u2019\u00e9conomie am\u00e9ricaine a fait preuve de r\u00e9silience.<\/p>\n<p class=\"\">\u00ab Presque tout le monde s\u2019est tromp\u00e9 \u00bb, a-t-il remarqu\u00e9, soulignant que les impacts n\u00e9gatifs attendus des droits de douane sur la croissance am\u00e9ricaine ne se sont pas mat\u00e9rialis\u00e9s comme pr\u00e9vu.<\/p>\n<p class=\"\">L\u2019inflation est \u00e9galement rest\u00e9e inf\u00e9rieure \u00e0 ce que pr\u00e9voyaient de nombreux pr\u00e9visionnistes. Cependant, il a averti que cette r\u00e9silience n\u2019annule pas la r\u00e9alit\u00e9 de la sur\u00e9valuation des entreprises am\u00e9ricaines.<\/p>\n<p class=\"\">Martin a exprim\u00e9 son scepticisme quant \u00e0 la tendance actuelle \u00e0 diversifier les investissements en dehors des \u00c9tats-Unis vers l\u2019Europe et la Chine.<\/p>\n<p class=\"\">Il a ajout\u00e9 :<\/p>\n<p class=\"\">Les actions europ\u00e9ennes sont sous-\u00e9valu\u00e9es, mais il est illusoire de supposer qu\u2019elles vont grimper simplement parce que les valorisations am\u00e9ricaines sont \u00e9lev\u00e9es.<\/p>\n<p class=\"\">Il a soulign\u00e9 les d\u00e9fis de longue date auxquels l\u2019Europe est confront\u00e9e, notamment la surr\u00e9glementation, qui continue d\u2019entraver son potentiel \u00e9conomique.<\/p>\n<p class=\"\"><strong class=\"root-Tkn6WL2y\">Risques et opportunit\u00e9s \u00e0 venir<\/strong><\/p>\n<p class=\"\">Pour l\u2019avenir, M. Martin a cern\u00e9 les principaux risques et occasions qui pourraient fa\u00e7onner le paysage macro\u00e9conomique au cours des 12 \u00e0 18 prochains mois.<\/p>\n<p class=\"\">Il a soulign\u00e9 que les tarifs douaniers \u00e9taient un facteur de risque important, d\u00e9clarant : \u00ab Aux \u00c9tats-Unis, les tarifs douaniers sont \u00e9gaux \u00e0 l\u2019inflation. \u00bb<\/p>\n<p class=\"\">Bien que l\u2019inflation n\u2019ait pas encore grimp\u00e9, il a averti que cela pourrait changer, entra\u00eenant des taux d\u2019int\u00e9r\u00eat \u00e9lev\u00e9s persistants et un ralentissement de la croissance \u00e9conomique.<\/p>\n<p class=\"\">En dehors des \u00c9tats-Unis, M. Martin a not\u00e9 que l\u2019Europe est aux prises avec des fardeaux r\u00e9glementaires \u00e0 un moment o\u00f9 elle peut le moins se le permettre.<\/p>\n<p class=\"\">\u00ab\u00a0La dynamique change\u00a0\u00bb, a-t-il d\u00e9clar\u00e9, indiquant que si la Chine est aux prises avec des faiblesses structurelles et une crise immobili\u00e8re, d\u2019autres r\u00e9gions d\u2019Asie pourraient b\u00e9n\u00e9ficier de l\u2019\u00e9volution des cha\u00eenes d\u2019approvisionnement.<\/p>\n<p class=\"\">Il a sugg\u00e9r\u00e9 que les mois \u00e0 venir ne verraient peut-\u00eatre pas une expansion mondiale g\u00e9n\u00e9ralis\u00e9e, mais plut\u00f4t une croissance s\u00e9lective.<\/p>\n<p class=\"\">\u00ab Certaines r\u00e9gions pourraient en b\u00e9n\u00e9ficier tandis que d\u2019autres stagnent sous la pression des politiques et des vents contraires structurels \u00bb, a-t-il pr\u00e9dit.<\/p>\n<p class=\"\">Cette croissance s\u00e9lective pourrait red\u00e9finir les strat\u00e9gies d\u2019investissement \u00e0 mesure que les march\u00e9s s\u2019adaptent aux nouvelles r\u00e9alit\u00e9s.<\/p>\n<p class=\"\"><strong class=\"root-Tkn6WL2y\">L\u2019\u00e9quilibriste budg\u00e9taire du Royaume-Uni<\/strong><\/p>\n<p class=\"\">En outre, en ce qui concerne les r\u00e9centes annonces budg\u00e9taires au Royaume-Uni, M. Martin a propos\u00e9 une \u00e9valuation critique de l\u2019\u00e9quilibre entre la relance de la croissance \u00e0 court terme et la viabilit\u00e9 budg\u00e9taire \u00e0 long terme. Il a fait remarquer :<\/p>\n<p class=\"\">Le budget britannique n\u2019a pas de marge de man\u0153uvre. La croissance doit venir vite, mais elle ne suffira pas \u00e0 elle seule.<\/p>\n<p class=\"\">Compte tenu de la hausse des co\u00fbts d\u2019emprunt et du fardeau du service de la dette, M. Martin a soulign\u00e9 l\u2019importance de maintenir la cr\u00e9dibilit\u00e9 en mati\u00e8re de discipline budg\u00e9taire.<\/p>\n<p class=\"\">Le gouvernement n\u2019a gu\u00e8re d\u2019autre choix que de trouver le juste milieu entre les mesures de relance \u00e0 court terme et le contr\u00f4le \u00e0 long terme, avec peu de marge d\u2019erreur.<\/p>\n<p class=\"\">Alors que les pays naviguent dans ces eaux \u00e9conomiques turbulentes, les id\u00e9es de Martin nous rappellent l\u2019interaction complexe entre les d\u00e9cisions politiques et les r\u00e9alit\u00e9s du march\u00e9. <\/p>\n<p class=\"\">Son analyse souligne la n\u00e9cessit\u00e9 d\u2019examiner attentivement les strat\u00e9gies \u00e9conomiques \u00e0 court et \u00e0 long terme.<\/p>\n","protected":false},"excerpt":{"rendered":"Contrairement aux pr\u00e9dictions largement r\u00e9pandues, l\u2019\u00e9conomie am\u00e9ricaine a d\u00e9fi\u00e9 les attentes de ralentissement des droits de douane et&hellip;\n","protected":false},"author":2,"featured_media":320220,"comment_status":"","ping_status":"","sticky":false,"template":"","format":"standard","meta":{"footnotes":""},"categories":[1588],"tags":[11,1777,674,12,473,1853,1851,1850,1852],"class_list":{"0":"post-350899","1":"post","2":"type-post","3":"status-publish","4":"format-standard","5":"has-post-thumbnail","7":"category-royaume-uni","8":"tag-actualites","9":"tag-eu","10":"tag-europe","11":"tag-news","12":"tag-royaume-uni","13":"tag-royaume-uni-de-grande-bretagne-et-dirlande-du-nord","14":"tag-uk","15":"tag-united-kingdom","16":"tag-united-kingdom-of-great-britain-and-northern-ireland"},"share_on_mastodon":{"url":"https:\/\/pubeurope.com\/@fr\/115109073075220817","error":""},"_links":{"self":[{"href":"https:\/\/www.europesays.com\/fr\/wp-json\/wp\/v2\/posts\/350899","targetHints":{"allow":["GET"]}}],"collection":[{"href":"https:\/\/www.europesays.com\/fr\/wp-json\/wp\/v2\/posts"}],"about":[{"href":"https:\/\/www.europesays.com\/fr\/wp-json\/wp\/v2\/types\/post"}],"author":[{"embeddable":true,"href":"https:\/\/www.europesays.com\/fr\/wp-json\/wp\/v2\/users\/2"}],"replies":[{"embeddable":true,"href":"https:\/\/www.europesays.com\/fr\/wp-json\/wp\/v2\/comments?post=350899"}],"version-history":[{"count":0,"href":"https:\/\/www.europesays.com\/fr\/wp-json\/wp\/v2\/posts\/350899\/revisions"}],"wp:featuredmedia":[{"embeddable":true,"href":"https:\/\/www.europesays.com\/fr\/wp-json\/wp\/v2\/media\/320220"}],"wp:attachment":[{"href":"https:\/\/www.europesays.com\/fr\/wp-json\/wp\/v2\/media?parent=350899"}],"wp:term":[{"taxonomy":"category","embeddable":true,"href":"https:\/\/www.europesays.com\/fr\/wp-json\/wp\/v2\/categories?post=350899"},{"taxonomy":"post_tag","embeddable":true,"href":"https:\/\/www.europesays.com\/fr\/wp-json\/wp\/v2\/tags?post=350899"}],"curies":[{"name":"wp","href":"https:\/\/api.w.org\/{rel}","templated":true}]}}